{"id":102217,"date":"2019-06-27T08:13:10","date_gmt":"2019-06-27T11:13:10","guid":{"rendered":"http:\/\/www.caririemacao.com\/1\/?p=102217"},"modified":"2019-06-27T08:13:10","modified_gmt":"2019-06-27T11:13:10","slug":"mourao-diz-que-divulgacao-de-audios-de-autoridades-e-crime","status":"publish","type":"post","link":"https:\/\/www.caririemacao.com\/1\/2019\/06\/27\/mourao-diz-que-divulgacao-de-audios-de-autoridades-e-crime\/","title":{"rendered":"Mour\u00e3o diz que divulga\u00e7\u00e3o de \u00e1udios de autoridades \u00e9 crime"},"content":{"rendered":"\n<p>O presidente da Rep\u00fablica em exerc\u00edcio, Hamilton Mour\u00e3o, classificou de crime a divulga\u00e7\u00e3o de conversas atribu\u00eddas a autoridades p\u00fablicas pelo site de not\u00edcias The Intercept Brasil.<\/p>\n\n\n\n<p>Segundo Mour\u00e3o, \u201co conte\u00fado, se \u00e9 verdadeiro, foi roubado dos celulares de autoridades p\u00fablicas, isso \u00e9 um crime\u201d.&nbsp;<\/p>\n\n\n\n<p>\u201cSe existem ind\u00edcios ou dados de que irregularidades foram cometidas, a forma correta de lidar com isso \u00e9 juntar essa documenta\u00e7\u00e3o e entregar ao Minist\u00e9rio P\u00fablico de modo que se investigue e, a partir da\u00ed, se tome, dentro do devido processo legal, as provid\u00eancias cab\u00edveis\u201d, disse Mour\u00e3o em entrevista \u00e0 R\u00e1dio Ga\u00facha.<\/p>\n\n\n\n<p>\u201cO que estamos vendo \u00e9 um ato criminoso sendo divulgado sequencialmente sem que a imensa maioria da popula\u00e7\u00e3o entenda se aquelas frases est\u00e3o dentro de um contexto, se aqueles dados s\u00e3o realmente reais, quer dizer, n\u00e3o foram periciados\u201d, completou.<\/p>\n\n\n\n<p>O The Intercept Brasil tem publicado conversas atribu\u00eddas ao atual ministro da Justi\u00e7a e Seguran\u00e7a P\u00fablica, Sergio Moro, quando atuava como juiz federal respons\u00e1vel por julgar a Lava Jato em Curitiba, e procuradores, a quem cabe acusar os suspeitos de integrar o esquema de corrup\u00e7\u00e3o.<\/p>\n\n\n\n<p><strong>Previd\u00eancia<\/strong><br><\/p>\n\n\n\n<p>O presidente em exerc\u00edcio disse esperar que o relat\u00f3rio da reforma da Previd\u00eancia seja votado na comiss\u00e3o especial que trata do assunto, na C\u00e2mara dos Deputados, na pr\u00f3xima semana e siga imediatamente para o plen\u00e1rio da Casa.<\/p>\n\n\n\n<p>Mour\u00e3o considera que a proposta inicial do governo atacava de frente um problema que n\u00e3o pode mais ser varrido para debaixo do tapete \u201csob pena de a federa\u00e7\u00e3o se tornar invi\u00e1vel, o Brasil ficar praticamente quebrado\u201d,.<\/p>\n\n\n\n<p>Ele observou que a discuss\u00e3o est\u00e1 travada em torno da inclus\u00e3o ou n\u00e3o de estados e munic\u00edpios na reforma da Previd\u00eancia. \u201cEssa passa a ser mais uma discuss\u00e3o pol\u00edtica que t\u00e9cnica em torno da necessidade. O que vejo \u00e9 que governadores e prefeitos gostariam que o Congresso carimbasse isso e os liberasse dessa decis\u00e3o\u201d, disse.<\/p>\n\n\n\n<p>Depois da vota\u00e7\u00e3o do relat\u00f3rio na comiss\u00e3o especial, o texto ser\u00e1 apreciado no plen\u00e1rio da C\u00e2mara. Se aprovada, a proposta segue para an\u00e1lise dos senadores.<\/p>\n\n\n\n<p><strong>Decreto de armas<\/strong><br><\/p>\n\n\n\n<p>Sobre a flexibiliza\u00e7\u00e3o da compra e posse de armas, Mour\u00e3o disse que \u00e9 um \u201ctema pol\u00eamico\u201d, mas \u201ccaro ao nosso governo\u201d. \u201cFez parte da nossa campanha, faz parte do ide\u00e1rio do presidente Bolsonaro\u201d, disse.<\/p>\n\n\n\n<p>Questionado sobre se o presidente Jair Bolsonaro deveria ter conduzido a quest\u00e3o de forma diferente e ter enviado ao Congresso Nacional um projeto de lei e n\u00e3o decreto, Mour\u00e3o respondeu que o presidente buscou a solu\u00e7\u00e3o que considerava a mais correta. \u201cConcordo com a forma como o presidente procedeu\u201d, disse.<\/p>\n\n\n\n<p>Brasileiro preso na Espanha<br>O presidente em exerc\u00edcio comentou a pris\u00e3o, na Espanha, de um militar brasileiro da Aeron\u00e1utica que transportava droga em avi\u00e3o da For\u00e7a A\u00e9rea Brasileira (FAB). Mour\u00e3o disse que o militar agora deve ter puni\u00e7\u00e3o &#8220;pesada&#8217;.<\/p>\n\n\n\n<p>\u201cAs For\u00e7as Armadas n\u00e3o est\u00e3o imunes a esse flagelo da droga. N\u00e3o \u00e9 primeira vez que acontece, seja na Marinha, no Ex\u00e9rcito, na For\u00e7a A\u00e9rea. Agora, a legisla\u00e7\u00e3o vai cumprir seu papel, ele vai ser julgado por tr\u00e1fico internacional de drogas e vai ter uma puni\u00e7\u00e3o bem pesada.\u201d<\/p>\n\n\n\n<p>Ele ressaltou que \u00e9 importante investigar as conex\u00f5es que esse militar teria no exterior: \u201cAgora o mais importante \u00e9 ver as conex\u00f5es que ele poderia ter. Uma atitude dessa natureza n\u00e3o brotou da cabe\u00e7a dele. Com certeza existem conex\u00f5es nisso ai.\u201d<\/p>\n\n\n\n<p>Ontem (25), o presidente Bolsonaro disse ter determinado colabora\u00e7\u00e3o do Brasil com a pol\u00edcia espanhola para investiga\u00e7\u00e3o do caso.<\/p>\n","protected":false},"excerpt":{"rendered":"<p>O presidente da Rep\u00fablica em exerc\u00edcio, Hamilton Mour\u00e3o, classificou de crime a divulga\u00e7\u00e3o de conversas atribu\u00eddas a autoridades p\u00fablicas pelo site de not\u00edcias The Intercept&hellip; <\/p>\n","protected":false},"author":1,"featured_media":102218,"comment_status":"closed","ping_status":"closed","sticky":false,"template":"","format":"standard","meta":{"sfsi_plus_gutenberg_text_before_share":"","sfsi_plus_gutenberg_show_text_before_share":"","sfsi_plus_gutenberg_icon_type":"","sfsi_plus_gutenberg_icon_alignemt":"","sfsi_plus_gutenburg_max_per_row":"","footnotes":""},"categories":[11],"tags":[],"class_list":["post-102217","post","type-post","status-publish","format-standard","has-post-thumbnail","hentry","category-politica"],"_links":{"self":[{"href":"https:\/\/www.caririemacao.com\/1\/wp-json\/wp\/v2\/posts\/102217","targetHints":{"allow":["GET"]}}],"collection":[{"href":"https:\/\/www.caririemacao.com\/1\/wp-json\/wp\/v2\/posts"}],"about":[{"href":"https:\/\/www.caririemacao.com\/1\/wp-json\/wp\/v2\/types\/post"}],"author":[{"embeddable":true,"href":"https:\/\/www.caririemacao.com\/1\/wp-json\/wp\/v2\/users\/1"}],"replies":[{"embeddable":true,"href":"https:\/\/www.caririemacao.com\/1\/wp-json\/wp\/v2\/comments?post=102217"}],"version-history":[{"count":1,"href":"https:\/\/www.caririemacao.com\/1\/wp-json\/wp\/v2\/posts\/102217\/revisions"}],"predecessor-version":[{"id":102219,"href":"https:\/\/www.caririemacao.com\/1\/wp-json\/wp\/v2\/posts\/102217\/revisions\/102219"}],"wp:featuredmedia":[{"embeddable":true,"href":"https:\/\/www.caririemacao.com\/1\/wp-json\/wp\/v2\/media\/102218"}],"wp:attachment":[{"href":"https:\/\/www.caririemacao.com\/1\/wp-json\/wp\/v2\/media?parent=102217"}],"wp:term":[{"taxonomy":"category","embeddable":true,"href":"https:\/\/www.caririemacao.com\/1\/wp-json\/wp\/v2\/categories?post=102217"},{"taxonomy":"post_tag","embeddable":true,"href":"https:\/\/www.caririemacao.com\/1\/wp-json\/wp\/v2\/tags?post=102217"}],"curies":[{"name":"wp","href":"https:\/\/api.w.org\/{rel}","templated":true}]}}