{"id":102238,"date":"2019-06-27T08:33:19","date_gmt":"2019-06-27T11:33:19","guid":{"rendered":"http:\/\/www.caririemacao.com\/1\/?p=102238"},"modified":"2019-06-27T08:33:19","modified_gmt":"2019-06-27T11:33:19","slug":"tecnico-comenta-casos-de-malaria-na-paraiba-e-aponta-falta-de-controle","status":"publish","type":"post","link":"https:\/\/www.caririemacao.com\/1\/2019\/06\/27\/tecnico-comenta-casos-de-malaria-na-paraiba-e-aponta-falta-de-controle\/","title":{"rendered":"T\u00e9cnico comenta casos de mal\u00e1ria na Para\u00edba e aponta falta de controle"},"content":{"rendered":"\n<p><br>Rubens Avelino, t\u00e9cnico de vigil\u00e2ncia em sa\u00fade pelo Minist\u00e9rio da Sa\u00fade, afirmou que os casos de mal\u00e1ria est\u00e3o sendo registrados na Para\u00edba devido \u00e0 aus\u00eancia do controle que antes era feito pela extinta Sucam.<\/p>\n\n\n\n<p>Ele destacou que o mosquito que transmite a mal\u00e1ria se chama Anopheles. Sobre os 13 casos de mal\u00e1ria registrados na regi\u00e3o do Conde, Rubens frisou que certamente existe algum foco.<\/p>\n\n\n\n<figure class=\"wp-block-image\"><img decoding=\"async\" data-src=\"https:\/\/paraibaonline.com.br\/wp-content\/uploads\/2019\/06\/malaria2706.jpg\" alt=\"Foto: Reprodu\u00e7\u00e3o\" class=\"wp-image-747551 lazyload\" src=\"data:image\/svg+xml;base64,PHN2ZyB3aWR0aD0iMSIgaGVpZ2h0PSIxIiB4bWxucz0iaHR0cDovL3d3dy53My5vcmcvMjAwMC9zdmciPjwvc3ZnPg==\" \/><\/figure>\n\n\n\n<p>Foto: Reprodu\u00e7\u00e3o<\/p>\n\n\n\n<p>Avelino comentou ainda que a mal\u00e1ria \u00e9 uma doen\u00e7a infecciosa e que \u201c\u00e9 preciso que volte uma campanha para que esses mosquitos sejam eliminados\u201d.<\/p>\n\n\n\n<p>\u2013 O que est\u00e1 causando a incid\u00eancia de mal\u00e1ria aqui \u00e9 a falta de controle. N\u00e3o h\u00e1 mais um trabalho de combate espec\u00edfico nessa \u00e1rea. As medidas mais providenciais para n\u00e3o se usar inseticida \u00e9 telar as janelas e usar mosquiteiros, mas s\u00e3o coisas paliativas, porque a gente sabe que n\u00e3o resolve \u2013 disse.<\/p>\n\n\n\n<p>Ele salientou que a mistura do suco de cinco lim\u00f5es e meio litro de \u00e1gua sanit\u00e1ria espirrada no ar torna qualquer ambiente hostil para o mosquito transmissor da doen\u00e7a.<\/p>\n\n\n\n<p>*As informa\u00e7\u00f5es foram concedidas \u00e0 R\u00e1dio Panor\u00e2mica FM<\/p>\n","protected":false},"excerpt":{"rendered":"<p>Rubens Avelino, t\u00e9cnico de vigil\u00e2ncia em sa\u00fade pelo Minist\u00e9rio da Sa\u00fade, afirmou que os casos de mal\u00e1ria est\u00e3o sendo registrados na Para\u00edba devido \u00e0 aus\u00eancia&hellip; <\/p>\n","protected":false},"author":1,"featured_media":102240,"comment_status":"closed","ping_status":"closed","sticky":false,"template":"","format":"standard","meta":{"sfsi_plus_gutenberg_text_before_share":"","sfsi_plus_gutenberg_show_text_before_share":"","sfsi_plus_gutenberg_icon_type":"","sfsi_plus_gutenberg_icon_alignemt":"","sfsi_plus_gutenburg_max_per_row":"","footnotes":""},"categories":[16],"tags":[],"class_list":["post-102238","post","type-post","status-publish","format-standard","has-post-thumbnail","hentry","category-saude"],"_links":{"self":[{"href":"https:\/\/www.caririemacao.com\/1\/wp-json\/wp\/v2\/posts\/102238","targetHints":{"allow":["GET"]}}],"collection":[{"href":"https:\/\/www.caririemacao.com\/1\/wp-json\/wp\/v2\/posts"}],"about":[{"href":"https:\/\/www.caririemacao.com\/1\/wp-json\/wp\/v2\/types\/post"}],"author":[{"embeddable":true,"href":"https:\/\/www.caririemacao.com\/1\/wp-json\/wp\/v2\/users\/1"}],"replies":[{"embeddable":true,"href":"https:\/\/www.caririemacao.com\/1\/wp-json\/wp\/v2\/comments?post=102238"}],"version-history":[{"count":1,"href":"https:\/\/www.caririemacao.com\/1\/wp-json\/wp\/v2\/posts\/102238\/revisions"}],"predecessor-version":[{"id":102241,"href":"https:\/\/www.caririemacao.com\/1\/wp-json\/wp\/v2\/posts\/102238\/revisions\/102241"}],"wp:featuredmedia":[{"embeddable":true,"href":"https:\/\/www.caririemacao.com\/1\/wp-json\/wp\/v2\/media\/102240"}],"wp:attachment":[{"href":"https:\/\/www.caririemacao.com\/1\/wp-json\/wp\/v2\/media?parent=102238"}],"wp:term":[{"taxonomy":"category","embeddable":true,"href":"https:\/\/www.caririemacao.com\/1\/wp-json\/wp\/v2\/categories?post=102238"},{"taxonomy":"post_tag","embeddable":true,"href":"https:\/\/www.caririemacao.com\/1\/wp-json\/wp\/v2\/tags?post=102238"}],"curies":[{"name":"wp","href":"https:\/\/api.w.org\/{rel}","templated":true}]}}