{"id":102245,"date":"2019-06-27T08:36:45","date_gmt":"2019-06-27T11:36:45","guid":{"rendered":"http:\/\/www.caririemacao.com\/1\/?p=102245"},"modified":"2019-06-27T08:36:45","modified_gmt":"2019-06-27T11:36:45","slug":"insulina-inalavel-pode-ajudar-no-tratamento-do-diabetes","status":"publish","type":"post","link":"https:\/\/www.caririemacao.com\/1\/2019\/06\/27\/insulina-inalavel-pode-ajudar-no-tratamento-do-diabetes\/","title":{"rendered":"Insulina inal\u00e1vel pode ajudar no tratamento do diabetes"},"content":{"rendered":"\n<p><br>A recente libera\u00e7\u00e3o da insulina inal\u00e1vel (03\/06) marca a passagem do Dia Nacional do Diabetes nesta quarta-feira (26). O medicamento, autorizado para venda e consumo pela Ag\u00eancia Nacional de Vigil\u00e2ncia Sanit\u00e1ria em oito formas de apresenta\u00e7\u00e3o, ainda precisa ser importado dos Estados Unidos.<\/p>\n\n\n\n<p>Para o m\u00e9dico e pesquisador Freddy Goldberg Eliaschewitz, a disponibilidade do medicamento pode ajudar no tratamento da doen\u00e7a no Brasil, pois \u00e9 mais confort\u00e1vel do que a aplica\u00e7\u00e3o da insulina por inje\u00e7\u00e3o e o manejo \u00e9 mais eficiente. A insulina inal\u00e1vel come\u00e7a a funcionar em 10 minutos no organismo e o efeito dura at\u00e9 90 minutos.<\/p>\n\n\n\n<p>A insulina injet\u00e1vel pode demorar at\u00e9 60 minutos para come\u00e7ar a fazer efeito e permanece ativa por at\u00e9 cinco horas no organismo.<\/p>\n\n\n\n<p>\u201cPor um lado, se o paciente aplica a insulina injet\u00e1vel antes do almo\u00e7o e o medicamento demora a agir, o n\u00edvel de a\u00e7\u00facar sobe muito no in\u00edcio da refei\u00e7\u00e3o. Muitas vezes, a comida foi ingerida, mas a insulina nem come\u00e7ou a agir. Por outro lado, se o efeito da insulina demora a passar, o paciente pode sofrer uma queda de a\u00e7\u00facar mais adiante. A absor\u00e7\u00e3o dos alimentos j\u00e1 terminou, mas a insulina continua agindo\u201d, explica Eliaschewitz que \u00e9 m\u00e9dico Hospital Israelita Albert Einstein e diretor clinico do Centro de Pesquisas Clinicas, que desde 2014 trabalhou nos testes para o desenvolvimento da nova droga.<\/p>\n\n\n\n<p>O diabetes \u00e9 considerado uma doen\u00e7a cr\u00f4nica onde o p\u00e2ncreas n\u00e3o produz insulina suficiente ou quando o organismo do paciente n\u00e3o consegue utiliz\u00e1-la. A insulina \u00e9 o horm\u00f4nio que regula a glicose no sangue.<\/p>\n\n\n\n<figure class=\"wp-block-image\"><img decoding=\"async\" data-src=\"https:\/\/paraibaonline.com.br\/wp-content\/uploads\/2016\/06\/diabetes-556x417.jpg\" alt=\"Foto: Ag\u00eancia Brasil\" class=\"wp-image-79779 lazyload\" src=\"data:image\/svg+xml;base64,PHN2ZyB3aWR0aD0iMSIgaGVpZ2h0PSIxIiB4bWxucz0iaHR0cDovL3d3dy53My5vcmcvMjAwMC9zdmciPjwvc3ZnPg==\" style=\"--smush-placeholder-width: 556px; --smush-placeholder-aspect-ratio: 556\/417;\" \/><\/figure>\n\n\n\n<p>Fora de controle<br>Eliaschewitz descreve que j\u00e1 h\u00e1 cerca de 15 milh\u00f5es de pessoas com diabetes no Brasil, mas 90% dos pacientes com o tipo 1 e 73% dos que sofrem com o tipo 2 \u201cn\u00e3o t\u00eam controle sobre a doen\u00e7a\u201d. Ele contabiliza que \u201cmetade dos pacientes n\u00e3o controla a doen\u00e7a por falta de conhecimento do diagn\u00f3stico. Entre os que sabem do diabetes, metade n\u00e3o vai com regularidade ao m\u00e9dico. E mesmo os que v\u00e3o, mais da metade n\u00e3o toma os devidos cuidados\u201d.<\/p>\n\n\n\n<p>Segundo o Minist\u00e9rio da Sa\u00fade, o diabetes do tipo 1, geralmente, surge na inf\u00e2ncia ou adolesc\u00eancia. \u201cA causa desse tipo de diabetes ainda \u00e9 desconhecida (\u2026) Sabe-se que, via de regra, \u00e9 uma doen\u00e7a cr\u00f4nica n\u00e3o transmiss\u00edvel gen\u00e9tica, ou seja, \u00e9 heredit\u00e1ria, que concentra entre 5% e 10% do total de diab\u00e9ticos no Brasil\u201d.<\/p>\n\n\n\n<p>O diabetes do tipo 2 \u00e9 mais frequente em adultos e est\u00e1 diretamente relacionado ao sobrepeso, ao sedentarismo e \u00e0 m\u00e1 alimenta\u00e7\u00e3o. \u201cOcorre quando o corpo n\u00e3o aproveita adequadamente a insulina produzida\u201d, explica o Minist\u00e9rio da Sa\u00fade.<\/p>\n\n\n\n<p>Para Freddy Eliaschewitz, o Brasil vive uma \u201cpandemia de diabete do tipo 2 a reboque da pandemia de obesidade\u201d. Segundo ele, o pa\u00eds poder\u00e1 viver no futuro uma pandemia das complica\u00e7\u00f5es causadas pela doen\u00e7a, \u201cque s\u00e3o penosas e custosas de tratar\u201d, como o glaucoma, problema nos rins e disfun\u00e7\u00e3o er\u00e9til.<\/p>\n\n\n\n<p>De acordo com o Sistema de Informa\u00e7\u00f5es sobre Mortalidade (Minist\u00e9rio da Sa\u00fade), entre 2010 e 2016, mais de 406 mil pessoas morreram por causa do diabetes. No per\u00edodo, o n\u00famero de mortes cresceu 11,8% por causa da doen\u00e7a, saindo de 54.877 mortes (2010) para 61.398 (2016).<\/p>\n","protected":false},"excerpt":{"rendered":"<p>A recente libera\u00e7\u00e3o da insulina inal\u00e1vel (03\/06) marca a passagem do Dia Nacional do Diabetes nesta quarta-feira (26). O medicamento, autorizado para venda e consumo&hellip; <\/p>\n","protected":false},"author":1,"featured_media":102246,"comment_status":"closed","ping_status":"closed","sticky":false,"template":"","format":"standard","meta":{"sfsi_plus_gutenberg_text_before_share":"","sfsi_plus_gutenberg_show_text_before_share":"","sfsi_plus_gutenberg_icon_type":"","sfsi_plus_gutenberg_icon_alignemt":"","sfsi_plus_gutenburg_max_per_row":"","footnotes":""},"categories":[50,16],"tags":[],"class_list":["post-102245","post","type-post","status-publish","format-standard","has-post-thumbnail","hentry","category-destaque","category-saude"],"_links":{"self":[{"href":"https:\/\/www.caririemacao.com\/1\/wp-json\/wp\/v2\/posts\/102245","targetHints":{"allow":["GET"]}}],"collection":[{"href":"https:\/\/www.caririemacao.com\/1\/wp-json\/wp\/v2\/posts"}],"about":[{"href":"https:\/\/www.caririemacao.com\/1\/wp-json\/wp\/v2\/types\/post"}],"author":[{"embeddable":true,"href":"https:\/\/www.caririemacao.com\/1\/wp-json\/wp\/v2\/users\/1"}],"replies":[{"embeddable":true,"href":"https:\/\/www.caririemacao.com\/1\/wp-json\/wp\/v2\/comments?post=102245"}],"version-history":[{"count":1,"href":"https:\/\/www.caririemacao.com\/1\/wp-json\/wp\/v2\/posts\/102245\/revisions"}],"predecessor-version":[{"id":102247,"href":"https:\/\/www.caririemacao.com\/1\/wp-json\/wp\/v2\/posts\/102245\/revisions\/102247"}],"wp:featuredmedia":[{"embeddable":true,"href":"https:\/\/www.caririemacao.com\/1\/wp-json\/wp\/v2\/media\/102246"}],"wp:attachment":[{"href":"https:\/\/www.caririemacao.com\/1\/wp-json\/wp\/v2\/media?parent=102245"}],"wp:term":[{"taxonomy":"category","embeddable":true,"href":"https:\/\/www.caririemacao.com\/1\/wp-json\/wp\/v2\/categories?post=102245"},{"taxonomy":"post_tag","embeddable":true,"href":"https:\/\/www.caririemacao.com\/1\/wp-json\/wp\/v2\/tags?post=102245"}],"curies":[{"name":"wp","href":"https:\/\/api.w.org\/{rel}","templated":true}]}}