{"id":102249,"date":"2019-06-27T12:25:35","date_gmt":"2019-06-27T15:25:35","guid":{"rendered":"http:\/\/www.caririemacao.com\/1\/?p=102249"},"modified":"2019-06-27T12:25:35","modified_gmt":"2019-06-27T15:25:35","slug":"joao-azevedo-confirma-pavimentacao-asfaltica-de-mais-uma-estrada-no-cariri","status":"publish","type":"post","link":"https:\/\/www.caririemacao.com\/1\/2019\/06\/27\/joao-azevedo-confirma-pavimentacao-asfaltica-de-mais-uma-estrada-no-cariri\/","title":{"rendered":"Jo\u00e3o Azev\u00eado confirma pavimenta\u00e7\u00e3o asf\u00e1ltica de mais uma estrada no Cariri"},"content":{"rendered":"\n<figure class=\"wp-block-image\"><a href=\"https:\/\/i2.wp.com\/www.vitrinedocariri.com.br\/wp-content\/uploads\/2019\/04\/azevedo_monteiro.jpg?resize=300%2C225&amp;ssl=1\"><img decoding=\"async\" data-src=\"https:\/\/i2.wp.com\/www.vitrinedocariri.com.br\/wp-content\/uploads\/2019\/04\/azevedo_monteiro.jpg?resize=300%2C225&amp;ssl=1\" alt=\"\" src=\"data:image\/svg+xml;base64,PHN2ZyB3aWR0aD0iMSIgaGVpZ2h0PSIxIiB4bWxucz0iaHR0cDovL3d3dy53My5vcmcvMjAwMC9zdmciPjwvc3ZnPg==\" class=\"lazyload\" \/><\/a><\/figure>\n\n\n\n<p>O governador da Para\u00edba, Jo\u00e3o Azev\u00eado, confirmou nesta quinta-feira (27), que o asfalto da PB-160, que liga os munic\u00edpios de Boa Vista e Cabaceiras sa\u00edra do papel no pr\u00f3ximo ano: \u201cEst\u00e1 na programa\u00e7\u00e3o do Governo da Para\u00edba para o pr\u00f3ximo ano\u201d, destacou.<br>A pavimenta\u00e7\u00e3o dessa estrada \u00e9 uma reivindica\u00e7\u00e3o dos dois munic\u00edpios, inclusive durante plen\u00e1rias do Or\u00e7amento Democr\u00e1tico Estadual.<br>\u201cJ\u00e1 fizemos a solicita\u00e7\u00e3o da pavimenta\u00e7\u00e3o dessa estrada ainda na gest\u00e3o do ex-governador Ricardo Coutinho. Agora no dia 25 de maio foi uma das demandas apresentada pelo Munic\u00edpio de Boa Vista na plen\u00e1ria do Or\u00e7amento Democr\u00e1tico em Soledade\u201d, disse o prefeito de Boa Vista, Andr\u00e9 Gomes.<br>Em contato com nossa reportagem, o prefeito de Cabaceiras, Tiago Castro tamb\u00e9m mostrou confian\u00e7a: \u201cO Cariri ganhar\u00e1 muito com a pavimenta\u00e7\u00e3o dessa estrada, ser\u00e1 uma liga\u00e7\u00e3o com a BR-412. O governador Jo\u00e3o Azev\u00eado \u00e9 um conhecedor da Para\u00edba e sabe da import\u00e2ncia dessa rodovia\u201d, expressou.<br>A PB-160 tem uma import\u00e2ncia significativa para economia da regi\u00e3o. \u00c9 por ela que se exporta parte do min\u00e9rio do munic\u00edpio de Boa Vista e gera empregos e milh\u00f5es em impostos. Por outro lado, \u00e9 rota do turismo para as pessoas que visitam o ano inteiro a cidade tur\u00edstica de Cabaceiras e os lajedos de Pai Mateus e do Bravo.<br><strong>Blog do Bruno Lira<\/strong><\/p>\n","protected":false},"excerpt":{"rendered":"<p>O governador da Para\u00edba, Jo\u00e3o Azev\u00eado, confirmou nesta quinta-feira (27), que o asfalto da PB-160, que liga os munic\u00edpios de Boa Vista e Cabaceiras sa\u00edra&hellip; <\/p>\n","protected":false},"author":1,"featured_media":81628,"comment_status":"closed","ping_status":"closed","sticky":false,"template":"","format":"standard","meta":{"sfsi_plus_gutenberg_text_before_share":"","sfsi_plus_gutenberg_show_text_before_share":"","sfsi_plus_gutenberg_icon_type":"","sfsi_plus_gutenberg_icon_alignemt":"","sfsi_plus_gutenburg_max_per_row":"","footnotes":""},"categories":[11],"tags":[],"class_list":["post-102249","post","type-post","status-publish","format-standard","has-post-thumbnail","hentry","category-politica"],"_links":{"self":[{"href":"https:\/\/www.caririemacao.com\/1\/wp-json\/wp\/v2\/posts\/102249","targetHints":{"allow":["GET"]}}],"collection":[{"href":"https:\/\/www.caririemacao.com\/1\/wp-json\/wp\/v2\/posts"}],"about":[{"href":"https:\/\/www.caririemacao.com\/1\/wp-json\/wp\/v2\/types\/post"}],"author":[{"embeddable":true,"href":"https:\/\/www.caririemacao.com\/1\/wp-json\/wp\/v2\/users\/1"}],"replies":[{"embeddable":true,"href":"https:\/\/www.caririemacao.com\/1\/wp-json\/wp\/v2\/comments?post=102249"}],"version-history":[{"count":1,"href":"https:\/\/www.caririemacao.com\/1\/wp-json\/wp\/v2\/posts\/102249\/revisions"}],"predecessor-version":[{"id":102250,"href":"https:\/\/www.caririemacao.com\/1\/wp-json\/wp\/v2\/posts\/102249\/revisions\/102250"}],"wp:featuredmedia":[{"embeddable":true,"href":"https:\/\/www.caririemacao.com\/1\/wp-json\/wp\/v2\/media\/81628"}],"wp:attachment":[{"href":"https:\/\/www.caririemacao.com\/1\/wp-json\/wp\/v2\/media?parent=102249"}],"wp:term":[{"taxonomy":"category","embeddable":true,"href":"https:\/\/www.caririemacao.com\/1\/wp-json\/wp\/v2\/categories?post=102249"},{"taxonomy":"post_tag","embeddable":true,"href":"https:\/\/www.caririemacao.com\/1\/wp-json\/wp\/v2\/tags?post=102249"}],"curies":[{"name":"wp","href":"https:\/\/api.w.org\/{rel}","templated":true}]}}