{"id":102257,"date":"2019-06-27T12:28:15","date_gmt":"2019-06-27T15:28:15","guid":{"rendered":"http:\/\/www.caririemacao.com\/1\/?p=102257"},"modified":"2019-06-27T12:28:15","modified_gmt":"2019-06-27T15:28:15","slug":"sao-joao-do-tigre-prefeito-celio-participa-de-encerramento-da-festa-de-sao-joao-batista","status":"publish","type":"post","link":"https:\/\/www.caririemacao.com\/1\/2019\/06\/27\/sao-joao-do-tigre-prefeito-celio-participa-de-encerramento-da-festa-de-sao-joao-batista\/","title":{"rendered":"S\u00e3o Jo\u00e3o do Tigre: Prefeito Celio participa de encerramento da festa de S\u00e3o Jo\u00e3o Batista"},"content":{"rendered":"\n<p>O prefeito de S\u00e3o Jo\u00e3o do Tigre, Celio Barbosa, participou no in\u00edcio desta semana do encerramento da festa de S\u00e3o Jo\u00e3o Batista, padroeiro da cidade.<br>C\u00e9lio estava acompanhado por secret\u00e1rios, vereadores e integrantes do Governo Municipal. Saindo da Igreja Matriz, o cortejo percorreu as principais ruas da cidade.<br>A missa de encerramento foi celebrada pelo Bispo Diocesano de Campina Grande, Dom Dulc\u00eanio Fontes de Matos. Uma multid\u00e3o de fi\u00e9is se aglomerou para participar da prociss\u00e3o em louvor a santo padroeiro do munic\u00edpio.<br><strong>Com FOLHA DO CARIRI<\/strong><\/p>\n","protected":false},"excerpt":{"rendered":"<p>O prefeito de S\u00e3o Jo\u00e3o do Tigre, Celio Barbosa, participou no in\u00edcio desta semana do encerramento da festa de S\u00e3o Jo\u00e3o Batista, padroeiro da cidade.C\u00e9lio&hellip; <\/p>\n","protected":false},"author":1,"featured_media":102258,"comment_status":"closed","ping_status":"closed","sticky":false,"template":"","format":"standard","meta":{"sfsi_plus_gutenberg_text_before_share":"","sfsi_plus_gutenberg_show_text_before_share":"","sfsi_plus_gutenberg_icon_type":"","sfsi_plus_gutenberg_icon_alignemt":"","sfsi_plus_gutenburg_max_per_row":"","footnotes":""},"categories":[6],"tags":[],"class_list":["post-102257","post","type-post","status-publish","format-standard","has-post-thumbnail","hentry","category-cidades"],"_links":{"self":[{"href":"https:\/\/www.caririemacao.com\/1\/wp-json\/wp\/v2\/posts\/102257","targetHints":{"allow":["GET"]}}],"collection":[{"href":"https:\/\/www.caririemacao.com\/1\/wp-json\/wp\/v2\/posts"}],"about":[{"href":"https:\/\/www.caririemacao.com\/1\/wp-json\/wp\/v2\/types\/post"}],"author":[{"embeddable":true,"href":"https:\/\/www.caririemacao.com\/1\/wp-json\/wp\/v2\/users\/1"}],"replies":[{"embeddable":true,"href":"https:\/\/www.caririemacao.com\/1\/wp-json\/wp\/v2\/comments?post=102257"}],"version-history":[{"count":1,"href":"https:\/\/www.caririemacao.com\/1\/wp-json\/wp\/v2\/posts\/102257\/revisions"}],"predecessor-version":[{"id":102259,"href":"https:\/\/www.caririemacao.com\/1\/wp-json\/wp\/v2\/posts\/102257\/revisions\/102259"}],"wp:featuredmedia":[{"embeddable":true,"href":"https:\/\/www.caririemacao.com\/1\/wp-json\/wp\/v2\/media\/102258"}],"wp:attachment":[{"href":"https:\/\/www.caririemacao.com\/1\/wp-json\/wp\/v2\/media?parent=102257"}],"wp:term":[{"taxonomy":"category","embeddable":true,"href":"https:\/\/www.caririemacao.com\/1\/wp-json\/wp\/v2\/categories?post=102257"},{"taxonomy":"post_tag","embeddable":true,"href":"https:\/\/www.caririemacao.com\/1\/wp-json\/wp\/v2\/tags?post=102257"}],"curies":[{"name":"wp","href":"https:\/\/api.w.org\/{rel}","templated":true}]}}