{"id":102261,"date":"2019-06-27T12:30:32","date_gmt":"2019-06-27T15:30:32","guid":{"rendered":"http:\/\/www.caririemacao.com\/1\/?p=102261"},"modified":"2019-06-27T12:30:32","modified_gmt":"2019-06-27T15:30:32","slug":"prefeitura-de-prata-realiza-troca-de-lampadas-em-todo-municipio","status":"publish","type":"post","link":"https:\/\/www.caririemacao.com\/1\/2019\/06\/27\/prefeitura-de-prata-realiza-troca-de-lampadas-em-todo-municipio\/","title":{"rendered":"Prefeitura de Prata realiza troca de l\u00e2mpadas em todo munic\u00edpio"},"content":{"rendered":"\n<p>A prefeitura municipal de Prata, atrav\u00e9s da secretaria municipal de Infraestrutura, est\u00e1 realizando a troca das l\u00e2mpadas de v\u00e1rios postes, da zona urbana e rural do munic\u00edpio.Segundo o secret\u00e1rio da pasta, Edimar, a ideia \u00e9 garantir o bom funcionamento da ilumina\u00e7\u00e3o p\u00fablica.<br>\u201cO levantamento foi feito, e todos os postes que est\u00e3o com l\u00e2mpadas queimadas est\u00e3o sendo trocadas\u201d, frisou.<br><strong>COM PORTALCARIRIPB<\/strong><\/p>\n","protected":false},"excerpt":{"rendered":"<p>A prefeitura municipal de Prata, atrav\u00e9s da secretaria municipal de Infraestrutura, est\u00e1 realizando a troca das l\u00e2mpadas de v\u00e1rios postes, da zona urbana e rural&hellip; <\/p>\n","protected":false},"author":1,"featured_media":90310,"comment_status":"closed","ping_status":"closed","sticky":false,"template":"","format":"standard","meta":{"sfsi_plus_gutenberg_text_before_share":"","sfsi_plus_gutenberg_show_text_before_share":"","sfsi_plus_gutenberg_icon_type":"","sfsi_plus_gutenberg_icon_alignemt":"","sfsi_plus_gutenburg_max_per_row":"","footnotes":""},"categories":[2],"tags":[],"class_list":["post-102261","post","type-post","status-publish","format-standard","has-post-thumbnail","hentry","category-geral"],"_links":{"self":[{"href":"https:\/\/www.caririemacao.com\/1\/wp-json\/wp\/v2\/posts\/102261","targetHints":{"allow":["GET"]}}],"collection":[{"href":"https:\/\/www.caririemacao.com\/1\/wp-json\/wp\/v2\/posts"}],"about":[{"href":"https:\/\/www.caririemacao.com\/1\/wp-json\/wp\/v2\/types\/post"}],"author":[{"embeddable":true,"href":"https:\/\/www.caririemacao.com\/1\/wp-json\/wp\/v2\/users\/1"}],"replies":[{"embeddable":true,"href":"https:\/\/www.caririemacao.com\/1\/wp-json\/wp\/v2\/comments?post=102261"}],"version-history":[{"count":1,"href":"https:\/\/www.caririemacao.com\/1\/wp-json\/wp\/v2\/posts\/102261\/revisions"}],"predecessor-version":[{"id":102262,"href":"https:\/\/www.caririemacao.com\/1\/wp-json\/wp\/v2\/posts\/102261\/revisions\/102262"}],"wp:featuredmedia":[{"embeddable":true,"href":"https:\/\/www.caririemacao.com\/1\/wp-json\/wp\/v2\/media\/90310"}],"wp:attachment":[{"href":"https:\/\/www.caririemacao.com\/1\/wp-json\/wp\/v2\/media?parent=102261"}],"wp:term":[{"taxonomy":"category","embeddable":true,"href":"https:\/\/www.caririemacao.com\/1\/wp-json\/wp\/v2\/categories?post=102261"},{"taxonomy":"post_tag","embeddable":true,"href":"https:\/\/www.caririemacao.com\/1\/wp-json\/wp\/v2\/tags?post=102261"}],"curies":[{"name":"wp","href":"https:\/\/api.w.org\/{rel}","templated":true}]}}