{"id":102263,"date":"2019-06-27T12:35:17","date_gmt":"2019-06-27T15:35:17","guid":{"rendered":"http:\/\/www.caririemacao.com\/1\/?p=102263"},"modified":"2019-06-27T12:35:17","modified_gmt":"2019-06-27T15:35:17","slug":"reforma-da-escola-do-distrito-do-pindurao-esta-em-fase-avancada-com-recursos-proprios-de-camalau","status":"publish","type":"post","link":"https:\/\/www.caririemacao.com\/1\/2019\/06\/27\/reforma-da-escola-do-distrito-do-pindurao-esta-em-fase-avancada-com-recursos-proprios-de-camalau\/","title":{"rendered":"Reforma da escola do distrito do pindur\u00e3o est\u00e1 em fase avan\u00e7ada com recursos pr\u00f3prios de Camala\u00fa"},"content":{"rendered":"\n<figure class=\"wp-block-image\"><a href=\"https:\/\/scontent.fcpv1-1.fna.fbcdn.net\/v\/t1.0-9\/65601091_1658541800942850_4519585263717974016_n.jpg?_nc_cat=108&amp;_nc_eui2=AeFmkPkHL6jT2NZr-GFYBog_H0S2OyPIJdZvYjjPgzfPf4g_A_HUu0vko64HBUWbUkbfGUybZ4QZG2X0F-hIl9_HSrsdjsuF9BoTUIfKxPhDGw&amp;_nc_oc=AQkQJLSAT22AuCTkOaR1SLhfhcqvQ9Y6k8gafOOtQvWPnIMj-0G3A9BvjwGOHUvBfUk&amp;_nc_ht=scontent.fcpv1-1.fna&amp;oh=9e19d3a7a97469e8a9df2bf195446f86&amp;oe=5D8AD25F\"><img decoding=\"async\" data-src=\"https:\/\/scontent.fcpv1-1.fna.fbcdn.net\/v\/t1.0-9\/65601091_1658541800942850_4519585263717974016_n.jpg?_nc_cat=108&amp;_nc_eui2=AeFmkPkHL6jT2NZr-GFYBog_H0S2OyPIJdZvYjjPgzfPf4g_A_HUu0vko64HBUWbUkbfGUybZ4QZG2X0F-hIl9_HSrsdjsuF9BoTUIfKxPhDGw&amp;_nc_oc=AQkQJLSAT22AuCTkOaR1SLhfhcqvQ9Y6k8gafOOtQvWPnIMj-0G3A9BvjwGOHUvBfUk&amp;_nc_ht=scontent.fcpv1-1.fna&amp;oh=9e19d3a7a97469e8a9df2bf195446f86&amp;oe=5D8AD25F\" alt=\"Nenhuma descri\u00c3\u00a7\u00c3\u00a3o de foto dispon\u00c3\u00advel.\" src=\"data:image\/svg+xml;base64,PHN2ZyB3aWR0aD0iMSIgaGVpZ2h0PSIxIiB4bWxucz0iaHR0cDovL3d3dy53My5vcmcvMjAwMC9zdmciPjwvc3ZnPg==\" class=\"lazyload\" \/><\/a><\/figure>\n\n\n\n<p>A prefeitura municipal de Camala\u00fa est\u00e1 realizando gra\u00e7as \u00e0 determina\u00e7\u00e3o do prefeito Sandro M\u00f4co, uma importante obra estrutural da areada educa\u00e7\u00e3o municipal.Trata-se da reforma da escola municipal Severino Lucas da Silva, no distrito do Pindur\u00e3o.<br>A obra j\u00e1 esta em fase bem avan\u00e7ada, na reta final de sua execu\u00e7\u00e3o e est\u00e1 sendo realizada com recursos pr\u00f3prios, gra\u00e7as ao equil\u00edbrio financeiro, e \u00e0 prioridade que foi dada pelo gestor do munic\u00edpio.<br><strong>F\u00c1BIO BRITO<\/strong><\/p>\n","protected":false},"excerpt":{"rendered":"<p>A prefeitura municipal de Camala\u00fa est\u00e1 realizando gra\u00e7as \u00e0 determina\u00e7\u00e3o do prefeito Sandro M\u00f4co, uma importante obra estrutural da areada educa\u00e7\u00e3o municipal.Trata-se da reforma da&hellip; <\/p>\n","protected":false},"author":1,"featured_media":102264,"comment_status":"closed","ping_status":"closed","sticky":false,"template":"","format":"standard","meta":{"sfsi_plus_gutenberg_text_before_share":"","sfsi_plus_gutenberg_show_text_before_share":"","sfsi_plus_gutenberg_icon_type":"","sfsi_plus_gutenberg_icon_alignemt":"","sfsi_plus_gutenburg_max_per_row":"","footnotes":""},"categories":[2],"tags":[],"class_list":["post-102263","post","type-post","status-publish","format-standard","has-post-thumbnail","hentry","category-geral"],"_links":{"self":[{"href":"https:\/\/www.caririemacao.com\/1\/wp-json\/wp\/v2\/posts\/102263","targetHints":{"allow":["GET"]}}],"collection":[{"href":"https:\/\/www.caririemacao.com\/1\/wp-json\/wp\/v2\/posts"}],"about":[{"href":"https:\/\/www.caririemacao.com\/1\/wp-json\/wp\/v2\/types\/post"}],"author":[{"embeddable":true,"href":"https:\/\/www.caririemacao.com\/1\/wp-json\/wp\/v2\/users\/1"}],"replies":[{"embeddable":true,"href":"https:\/\/www.caririemacao.com\/1\/wp-json\/wp\/v2\/comments?post=102263"}],"version-history":[{"count":1,"href":"https:\/\/www.caririemacao.com\/1\/wp-json\/wp\/v2\/posts\/102263\/revisions"}],"predecessor-version":[{"id":102265,"href":"https:\/\/www.caririemacao.com\/1\/wp-json\/wp\/v2\/posts\/102263\/revisions\/102265"}],"wp:featuredmedia":[{"embeddable":true,"href":"https:\/\/www.caririemacao.com\/1\/wp-json\/wp\/v2\/media\/102264"}],"wp:attachment":[{"href":"https:\/\/www.caririemacao.com\/1\/wp-json\/wp\/v2\/media?parent=102263"}],"wp:term":[{"taxonomy":"category","embeddable":true,"href":"https:\/\/www.caririemacao.com\/1\/wp-json\/wp\/v2\/categories?post=102263"},{"taxonomy":"post_tag","embeddable":true,"href":"https:\/\/www.caririemacao.com\/1\/wp-json\/wp\/v2\/tags?post=102263"}],"curies":[{"name":"wp","href":"https:\/\/api.w.org\/{rel}","templated":true}]}}