{"id":102269,"date":"2019-06-27T12:41:27","date_gmt":"2019-06-27T15:41:27","guid":{"rendered":"http:\/\/www.caririemacao.com\/1\/?p=102269"},"modified":"2019-06-27T12:41:27","modified_gmt":"2019-06-27T15:41:27","slug":"ministro-da-educacao-ataca-lula-e-dilma-em-piada-sobre-drogas-em-aviao","status":"publish","type":"post","link":"https:\/\/www.caririemacao.com\/1\/2019\/06\/27\/ministro-da-educacao-ataca-lula-e-dilma-em-piada-sobre-drogas-em-aviao\/","title":{"rendered":"Ministro da Educa\u00e7\u00e3o ataca Lula e Dilma em piada sobre drogas em avi\u00e3o"},"content":{"rendered":"\n<p>O ministro da Educa\u00e7\u00e3o, Abraham Weintraub, fez uma publica\u00e7\u00e3o nesta quinta-feira (27) nas redes sociais em que compara os ex-presidentes Lula e Dilma, ambos do PT, a drogas. Na publica\u00e7\u00e3o, Weintraub tenta fazer uma piada ao associar os petistas ao epis\u00f3dio da pris\u00e3o, nesta semana, de um militar com 39 kg de coca\u00edna em um avi\u00e3o da comitiva de apoio do presidente Jair Bolsonaro (PSL).<\/p>\n\n\n\n<p>No Twitter, escreveu o ministro da Educa\u00e7\u00e3o: \u201cNo passado o avi\u00e3o presidencial j\u00e1 transportou drogas em maior quantidade. Algu\u00e9m sabe o peso do Lula ou da Dilma?\u201d.<\/p>\n\n\n\n<p>Parlamentares de oposi\u00e7\u00e3o criticaram a postura do ministro em respostas \u00e0 publica\u00e7\u00e3o.<\/p>\n\n\n\n<p>\u201cO senhor \u00e9 desprez\u00edvel e uma vergonha para o MEC, os trabalhadores da educa\u00e7\u00e3o e o restante do pa\u00eds\u201d, escreveu a deputada Jandira Feghali (PCdoB-RJ). \u201cQue baixo n\u00edvel\u201d, escreveu a deputada S\u00e2mia Bomfim (PSOL).<\/p>\n\n\n\n<p>Ap\u00f3s a pris\u00e3o do sargento Manoel Silva Rodrigues, na Espanha, v\u00e1rias publica\u00e7\u00f5es nas redes sociais passaram a associar o epis\u00f3dio \u00e0 balb\u00fardia, palavra usada por Weintraub em entrevista para atacar universidades federais. Para criticar as institui\u00e7\u00f5es e seus alunos, Weintraub faz men\u00e7\u00e3o frequentemente a uso de drogas nas universidades.<\/p>\n\n\n\n<p>Na quarta, por exemplo, o perfil da UNE (Uni\u00e3o Nacional dos Estudantes), publicou: \u201cEm nenhuma universidade foram encontrados 39 kg de coca\u00edna. J\u00e1 no avi\u00e3o presidencial\u2026 Balb\u00fardia \u00e9 esse governo de @jairbolsonaro\u201d.<\/p>\n\n\n\n<p>Mais cedo, Weintraub j\u00e1 havia comentado o assunto da pris\u00e3o no Twitter:<\/p>\n\n\n\n<p>\u201cTranquilizo os \u2018guerreiros\u2019 do PT e de seus acepipes: o respons\u00e1vel pelos 39 kg de coca\u00edna NADA tem a ver com o Governo Bolsonaro. Ele ir\u00e1 para a cadeia e ningu\u00e9m de nosso lado defender\u00e1 o criminoso. Voc\u00eas continuam com a exclusividade de serem amigos de traficantes como as FARC.\u201d<\/p>\n\n\n\n<p>N\u00e3o \u00e9 a primeira vez que Weintraub deixa de lado as fun\u00e7\u00f5es do MEC para polemizar nas redes sociais. Ap\u00f3s os cortes de recursos que atingiram as federais, o ministro apareceu em v\u00eddeo com um guarda-chuva pra dizer que chovia not\u00edcias falsas.<\/p>\n\n\n\n<p>A publica\u00e7\u00e3o, e a forma com que ele lidou com o contingenciamento, desagradou a c\u00fapula do governo. Weintraub passou a se conter nas redes e evitar eventos p\u00fablicos, inclusive coletivas do MEC, em que houvesse a presen\u00e7a da imprensa.<\/p>\n","protected":false},"excerpt":{"rendered":"<p>O ministro da Educa\u00e7\u00e3o, Abraham Weintraub, fez uma publica\u00e7\u00e3o nesta quinta-feira (27) nas redes sociais em que compara os ex-presidentes Lula e Dilma, ambos do&hellip; <\/p>\n","protected":false},"author":1,"featured_media":102270,"comment_status":"closed","ping_status":"closed","sticky":false,"template":"","format":"standard","meta":{"sfsi_plus_gutenberg_text_before_share":"","sfsi_plus_gutenberg_show_text_before_share":"","sfsi_plus_gutenberg_icon_type":"","sfsi_plus_gutenberg_icon_alignemt":"","sfsi_plus_gutenburg_max_per_row":"","footnotes":""},"categories":[11],"tags":[],"class_list":["post-102269","post","type-post","status-publish","format-standard","has-post-thumbnail","hentry","category-politica"],"_links":{"self":[{"href":"https:\/\/www.caririemacao.com\/1\/wp-json\/wp\/v2\/posts\/102269","targetHints":{"allow":["GET"]}}],"collection":[{"href":"https:\/\/www.caririemacao.com\/1\/wp-json\/wp\/v2\/posts"}],"about":[{"href":"https:\/\/www.caririemacao.com\/1\/wp-json\/wp\/v2\/types\/post"}],"author":[{"embeddable":true,"href":"https:\/\/www.caririemacao.com\/1\/wp-json\/wp\/v2\/users\/1"}],"replies":[{"embeddable":true,"href":"https:\/\/www.caririemacao.com\/1\/wp-json\/wp\/v2\/comments?post=102269"}],"version-history":[{"count":1,"href":"https:\/\/www.caririemacao.com\/1\/wp-json\/wp\/v2\/posts\/102269\/revisions"}],"predecessor-version":[{"id":102271,"href":"https:\/\/www.caririemacao.com\/1\/wp-json\/wp\/v2\/posts\/102269\/revisions\/102271"}],"wp:featuredmedia":[{"embeddable":true,"href":"https:\/\/www.caririemacao.com\/1\/wp-json\/wp\/v2\/media\/102270"}],"wp:attachment":[{"href":"https:\/\/www.caririemacao.com\/1\/wp-json\/wp\/v2\/media?parent=102269"}],"wp:term":[{"taxonomy":"category","embeddable":true,"href":"https:\/\/www.caririemacao.com\/1\/wp-json\/wp\/v2\/categories?post=102269"},{"taxonomy":"post_tag","embeddable":true,"href":"https:\/\/www.caririemacao.com\/1\/wp-json\/wp\/v2\/tags?post=102269"}],"curies":[{"name":"wp","href":"https:\/\/api.w.org\/{rel}","templated":true}]}}