{"id":102302,"date":"2019-06-27T12:46:34","date_gmt":"2019-06-27T15:46:34","guid":{"rendered":"http:\/\/www.caririemacao.com\/1\/?p=102302"},"modified":"2019-06-27T12:46:34","modified_gmt":"2019-06-27T15:46:34","slug":"relatorio-da-previdencia-e-adiado-para-terca-feira","status":"publish","type":"post","link":"https:\/\/www.caririemacao.com\/1\/2019\/06\/27\/relatorio-da-previdencia-e-adiado-para-terca-feira\/","title":{"rendered":"Relat\u00f3rio da Previd\u00eancia \u00e9 adiado para ter\u00e7a-feira"},"content":{"rendered":"\n<p>A apresenta\u00e7\u00e3o do novo formato da proposta de reforma da Previd\u00eancia foi adiada para a pr\u00f3xima ter\u00e7a-feira (2) em sess\u00e3o da comiss\u00e3o especial da C\u00e2mara.<\/p>\n\n\n\n<p>Apesar de mais um atraso no cronograma da reforma, o presidente da C\u00e2mara, Rodrigo Maia (DEM-RJ), e o relator, deputado Samuel Moreira (PSDB-SP), garantem que ainda \u00e9 poss\u00edvel votar a proposta no plen\u00e1rio at\u00e9 17 de julho, quando o Congresso entra em recesso.<\/p>\n\n\n\n<p>L\u00edderes do centr\u00e3o, contudo, j\u00e1 avaliam que a vota\u00e7\u00e3o ser\u00e1 adiada para o segundo semestre. O centr\u00e3o \u00e9 um grupo de partidos independentes ao governo e que, juntos, representam a maioria da C\u00e2mara.<\/p>\n\n\n\n<p>Maia tentar\u00e1, mais uma vez, um acordo com governadores do Nordeste para que estados e munic\u00edpios sejam inclu\u00eddos na reforma.<\/p>\n\n\n\n<p>\u201cVale a pena esperar\u201d, disse Moreira (foto).<\/p>\n","protected":false},"excerpt":{"rendered":"<p>A apresenta\u00e7\u00e3o do novo formato da proposta de reforma da Previd\u00eancia foi adiada para a pr\u00f3xima ter\u00e7a-feira (2) em sess\u00e3o da comiss\u00e3o especial da C\u00e2mara.&hellip; <\/p>\n","protected":false},"author":1,"featured_media":102303,"comment_status":"closed","ping_status":"closed","sticky":false,"template":"","format":"standard","meta":{"sfsi_plus_gutenberg_text_before_share":"","sfsi_plus_gutenberg_show_text_before_share":"","sfsi_plus_gutenberg_icon_type":"","sfsi_plus_gutenberg_icon_alignemt":"","sfsi_plus_gutenburg_max_per_row":"","footnotes":""},"categories":[11],"tags":[],"class_list":["post-102302","post","type-post","status-publish","format-standard","has-post-thumbnail","hentry","category-politica"],"_links":{"self":[{"href":"https:\/\/www.caririemacao.com\/1\/wp-json\/wp\/v2\/posts\/102302","targetHints":{"allow":["GET"]}}],"collection":[{"href":"https:\/\/www.caririemacao.com\/1\/wp-json\/wp\/v2\/posts"}],"about":[{"href":"https:\/\/www.caririemacao.com\/1\/wp-json\/wp\/v2\/types\/post"}],"author":[{"embeddable":true,"href":"https:\/\/www.caririemacao.com\/1\/wp-json\/wp\/v2\/users\/1"}],"replies":[{"embeddable":true,"href":"https:\/\/www.caririemacao.com\/1\/wp-json\/wp\/v2\/comments?post=102302"}],"version-history":[{"count":1,"href":"https:\/\/www.caririemacao.com\/1\/wp-json\/wp\/v2\/posts\/102302\/revisions"}],"predecessor-version":[{"id":102304,"href":"https:\/\/www.caririemacao.com\/1\/wp-json\/wp\/v2\/posts\/102302\/revisions\/102304"}],"wp:featuredmedia":[{"embeddable":true,"href":"https:\/\/www.caririemacao.com\/1\/wp-json\/wp\/v2\/media\/102303"}],"wp:attachment":[{"href":"https:\/\/www.caririemacao.com\/1\/wp-json\/wp\/v2\/media?parent=102302"}],"wp:term":[{"taxonomy":"category","embeddable":true,"href":"https:\/\/www.caririemacao.com\/1\/wp-json\/wp\/v2\/categories?post=102302"},{"taxonomy":"post_tag","embeddable":true,"href":"https:\/\/www.caririemacao.com\/1\/wp-json\/wp\/v2\/tags?post=102302"}],"curies":[{"name":"wp","href":"https:\/\/api.w.org\/{rel}","templated":true}]}}