{"id":102323,"date":"2019-06-27T14:10:04","date_gmt":"2019-06-27T17:10:04","guid":{"rendered":"http:\/\/www.caririemacao.com\/1\/?p=102323"},"modified":"2019-06-27T14:10:04","modified_gmt":"2019-06-27T17:10:04","slug":"prefeitura-de-sume-alerta-agricultores-sobre-isencao-de-ipva-para-motocicletas-e-motonetas","status":"publish","type":"post","link":"https:\/\/www.caririemacao.com\/1\/2019\/06\/27\/prefeitura-de-sume-alerta-agricultores-sobre-isencao-de-ipva-para-motocicletas-e-motonetas\/","title":{"rendered":"Prefeitura de Sum\u00e9 alerta agricultores sobre isen\u00e7\u00e3o de IPVA para motocicletas e motonetas"},"content":{"rendered":"\n<p>Em vigor desde o dia 1\u00b0 de janeiro de 2018, a nova Lei n\u00b0 11.007, sancionada pelo Governo do Estado da Para\u00edba, disp\u00f5e sobre o Imposto sobre a Propriedade de Ve\u00edculos Automotores (IPVA).<br>\nA nova Lei ainda \u00e9 desconhecida por parte de muitos benefici\u00e1rios no que diz respeito \u00e0 concess\u00e3o de isen\u00e7\u00e3o do IPVA para agricultores e pescadores.<br>\nNa referida Lei, fica isento do imposto, agricultores ou pescadores artesanais, que tenham motocicletas ou motonetas de at\u00e9 200 cilindradas, destinada ao uso exclusivo na atividade agr\u00edcola ou da pesca.<br>\nPara ter direito, o interessado dever\u00e1 requerer em qualquer reparti\u00e7\u00e3o fiscal do Estado (Coletorias), anualmente, at\u00e9 o dia 31 de dezembro do ano anterior \u00e0 concess\u00e3o do benef\u00edcio. A isen\u00e7\u00e3o valer\u00e1 para o exerc\u00edcio posterior \u00e0 data do requerimento.<br>\nOs interessados devem comprovar o exerc\u00edcio da atividade rural, como pequeno propriet\u00e1rio ou trabalhador, ou no caso da atividade pesqueira, como pescador artesanal, mediante os seguintes documentos:<br>\n1) Declara\u00e7\u00e3o do Sindicato dos Trabalhadores Rurais ou da col\u00f4nia de pescadores, com firma reconhecida em cart\u00f3rio local, atestando o exerc\u00edcio da atividade;  2) c\u00f3pia do Registro Sindical do Sindicato dos Trabalhadores Rurais emitido pelo Minist\u00e9rio do Trabalho e Emprego (MTE); 3) c\u00f3pia das contribui\u00e7\u00f5es sindicais do exerc\u00edcio anterior e do exerc\u00edcio vigente; 4) declara\u00e7\u00e3o, sob as penas da lei, de que sua renda familiar anual n\u00e3o ultrapassa o dobro do valor do limite de isen\u00e7\u00e3o do Imposto de Renda.<br>\nPara mais informa\u00e7\u00f5es, os trabalhadores rurais podem procurar um posto do Detran.<br>\nEm Sum\u00e9, os interessados podem procurar tamb\u00e9m a Casa da Cidadania, no atendimento do Detran para mais informa\u00e7\u00f5es.<\/p>\n\n\n\n<p>Ascom PMS<\/p>\n","protected":false},"excerpt":{"rendered":"<p>Em vigor desde o dia 1\u00b0 de janeiro de 2018, a nova Lei n\u00b0 11.007, sancionada pelo Governo do Estado da Para\u00edba, disp\u00f5e sobre o&hellip; <\/p>\n","protected":false},"author":1,"featured_media":86341,"comment_status":"closed","ping_status":"closed","sticky":false,"template":"","format":"standard","meta":{"sfsi_plus_gutenberg_text_before_share":"","sfsi_plus_gutenberg_show_text_before_share":"","sfsi_plus_gutenberg_icon_type":"","sfsi_plus_gutenberg_icon_alignemt":"","sfsi_plus_gutenburg_max_per_row":"","footnotes":""},"categories":[6,50],"tags":[],"class_list":["post-102323","post","type-post","status-publish","format-standard","has-post-thumbnail","hentry","category-cidades","category-destaque"],"_links":{"self":[{"href":"https:\/\/www.caririemacao.com\/1\/wp-json\/wp\/v2\/posts\/102323","targetHints":{"allow":["GET"]}}],"collection":[{"href":"https:\/\/www.caririemacao.com\/1\/wp-json\/wp\/v2\/posts"}],"about":[{"href":"https:\/\/www.caririemacao.com\/1\/wp-json\/wp\/v2\/types\/post"}],"author":[{"embeddable":true,"href":"https:\/\/www.caririemacao.com\/1\/wp-json\/wp\/v2\/users\/1"}],"replies":[{"embeddable":true,"href":"https:\/\/www.caririemacao.com\/1\/wp-json\/wp\/v2\/comments?post=102323"}],"version-history":[{"count":1,"href":"https:\/\/www.caririemacao.com\/1\/wp-json\/wp\/v2\/posts\/102323\/revisions"}],"predecessor-version":[{"id":102324,"href":"https:\/\/www.caririemacao.com\/1\/wp-json\/wp\/v2\/posts\/102323\/revisions\/102324"}],"wp:featuredmedia":[{"embeddable":true,"href":"https:\/\/www.caririemacao.com\/1\/wp-json\/wp\/v2\/media\/86341"}],"wp:attachment":[{"href":"https:\/\/www.caririemacao.com\/1\/wp-json\/wp\/v2\/media?parent=102323"}],"wp:term":[{"taxonomy":"category","embeddable":true,"href":"https:\/\/www.caririemacao.com\/1\/wp-json\/wp\/v2\/categories?post=102323"},{"taxonomy":"post_tag","embeddable":true,"href":"https:\/\/www.caririemacao.com\/1\/wp-json\/wp\/v2\/tags?post=102323"}],"curies":[{"name":"wp","href":"https:\/\/api.w.org\/{rel}","templated":true}]}}