{"id":102330,"date":"2019-06-27T14:13:25","date_gmt":"2019-06-27T17:13:25","guid":{"rendered":"http:\/\/www.caririemacao.com\/1\/?p=102330"},"modified":"2019-06-27T14:13:25","modified_gmt":"2019-06-27T17:13:25","slug":"pf-prende-assessores-de-ministro-do-turismo-em-caso-dos-laranjas-do-psl","status":"publish","type":"post","link":"https:\/\/www.caririemacao.com\/1\/2019\/06\/27\/pf-prende-assessores-de-ministro-do-turismo-em-caso-dos-laranjas-do-psl\/","title":{"rendered":"PF prende assessores de ministro do Turismo em caso dos laranjas do PSL"},"content":{"rendered":"\n<p>A Pol\u00edcia Federal prendeu na manh\u00e3 desta quinta-feira (27) em Bras\u00edlia e em Minas Gerais um assessor especial e dois ex-assessores do ministro Marcelo \u00c1lvaro Ant\u00f4nio (Turismo) em raz\u00e3o de investiga\u00e7\u00e3o sobre candidaturas de laranjas do PSL na elei\u00e7\u00e3o de 2018.<\/p>\n\n\n\n<p>A a\u00e7\u00e3o da PF \u00e9 decorr\u00eancia da apura\u00e7\u00e3o sobre caso revelado pelo jornal Folha de S.Paulo, em fevereiro. Os mandados de pris\u00e3o tempor\u00e1ria e de busca e apreens\u00e3o foram autorizados pela Justi\u00e7a de Minas Gerais. Foram apreendidos computadores e telefones celulares.<\/p>\n\n\n\n<p>O presidente Jair Bolsonaro (PSL) tem dito que a situa\u00e7\u00e3o do ministro do Turismo causa desgaste para o governo e que esperaria a conclus\u00e3o da apura\u00e7\u00e3o da PF para decidir o destino de \u00c1lvaro Ant\u00f4nio. O presidente est\u00e1 em viagem ao Jap\u00e3o e ainda n\u00e3o se manifestou sobre as pris\u00f5es.<\/p>\n\n\n\n<p>O caso das laranjas do PSL, partido de Bolsonaro, \u00e9 alvo de investiga\u00e7\u00f5es da Pol\u00edcia Federal e do Minist\u00e9rio P\u00fablico em Minas e em Pernambuco e levou \u00e0 queda do ministro da Secretaria-Geral da Presid\u00eancia, Gustavo Bebianno, que comandou o partido nacionalmente em 2018.<\/p>\n\n\n\n<p>No in\u00edcio da manh\u00e3 desta quinta-feira, em Bras\u00edlia, policiais federais prenderam Mateus Von Rondon Martins. Ele \u00e9 assessor especial no Minist\u00e9rio do Turismo, um dos mais pr\u00f3ximos aliados de \u00c1lvaro Antonio. \u00c9 seu bra\u00e7o-direito na pasta do governo de Jair Bolsonaro.<\/p>\n\n\n\n<p>Tamb\u00e9m foram presos Roberto Silva Soares, conhecido como Robertinho Soares, e Haissander Souza de Paula. Os dois&nbsp;atuaram na campanha eleitoral que elegeu \u00c1lvaro Antonio deputado federal.<\/p>\n\n\n\n<p>Robertinho foi o coordenador da campanha no Vale do A\u00e7o, em Minas, e figurou como assessor de seu gabinete na C\u00e2mara dos Deputados de 2015 a 2018. J\u00e1 Haissander tamb\u00e9m foi assessor do gabinete do hoje ministro do Turismo, de 2017 e 2019.<\/p>\n\n\n\n<p>Em nota, o Minist\u00e9rio do Turismo afirmou que aguarda mais informa\u00e7\u00f5es para se pronunciar, mas disse n\u00e3o haver rela\u00e7\u00e3o entre as investiga\u00e7\u00f5es e as atividades de Von Rondon na pasta.<\/p>\n\n\n\n<p>&#8220;\u00c9 importante esclarecer que n\u00e3o h\u00e1 qualquer rela\u00e7\u00e3o entre a investiga\u00e7\u00e3o da Pol\u00edcia Federal e as fun\u00e7\u00f5es desempenhadas pelo assessor especial Mateus Von Rondon no Minist\u00e9rio do Turismo.&#8221;<\/p>\n\n\n\n<p>Como mostraram as reportagens da Folha de S.Paulo, na elei\u00e7\u00e3o do ano passado, \u00c1lvaro Ant\u00f4nio, reeleito sendo o deputado federal mais votado em Minas, patrocinou um esquema de candidaturas de fachada no estado que direcionou verbas p\u00fablicas de campanha para empresas ligadas ao seu gabinete na C\u00e2mara.&nbsp;<\/p>\n\n\n\n<p>Ap\u00f3s indica\u00e7\u00e3o do PSL de Minas, presidido \u00e0 \u00e9poca pelo pr\u00f3prio \u00c1lvaro Ant\u00f4nio, o comando nacional do partido de Bolsonaro repassou R$ 279 mil a quatro candidatas. O valor representa o percentual m\u00ednimo exigido pela Justi\u00e7a Eleitoral (30%) para destina\u00e7\u00e3o do fundo eleitoral a mulheres candidatas.<\/p>\n\n\n\n<p>Apesar de figurar entre os 20 candidatos do PSL no pa\u00eds que mais receberam dinheiro p\u00fablico, essas quatro mulheres tiveram desempenho insignificante. Juntas, receberam pouco mais de 2.000 votos, em um indicativo de candidaturas de fachada, em que h\u00e1 simula\u00e7\u00e3o de alguns atos reais de campanha, mas n\u00e3o empenho efetivo na busca de votos.<\/p>\n\n\n\n<p>Dos R$ 279 mil repassados pelo PSL, ao menos R$ 85 mil foram parar oficialmente na conta de quatro empresas que s\u00e3o de assessores, parentes ou s\u00f3cios de assessores do hoje ministro de Bolsonaro.<\/p>\n\n\n\n<p>A Pol\u00edcia Federal v\u00ea elementos de participa\u00e7\u00e3o de \u00c1lvaro Ant\u00f4nio na fraude e apreendeu documentos em endere\u00e7os ligados ao PSL-MG. Segundo os investigadores, foram encontrados ind\u00edcios concretos de que houve irregularidade na presta\u00e7\u00e3o de contas das campanhas.<\/p>\n\n\n\n<p>Essa \u00e9 a segunda opera\u00e7\u00e3o da PF relacionada ao caso.<\/p>\n\n\n\n<p>A primeira, batizada de Sufr\u00e1gio Ostenta\u00e7\u00e3o, ocorreu em abril e teve como alvo empresas contratadas pelas candidatas suspeitas, principalmente gr\u00e1ficas.<br>Uma empresa ligada a Von Rondon \u00e9 investigada como o principal elo entre o ministro e o esquema de candidaturas de laranjas do PSL no estado.<\/p>\n\n\n\n<p>Aberta em 2013, uma empresa de servi\u00e7os de internet e marketing direto teve \u00c1lvaro Ant\u00f4nio como principal cliente at\u00e9 2018 por meio de verba da C\u00e2mara dos Deputados.<br>Mateus Von Rondon, dono da empresa, virou assessor especial do ministro do Turismo em 23 de janeiro de 2019, dois dias depois de ter encerrado as atividades do neg\u00f3cio na Receita Federal.<\/p>\n\n\n\n<p>A mesma empresa aparece na presta\u00e7\u00e3o eleitoral de contas de quatro candidatas a deputada estadual e federal usadas como laranjas pelo PSL de Minas, partido comandado \u00e0 \u00e9poca por Marcelo \u00c1lvaro Ant\u00f4nio, ent\u00e3o deputado e candidato \u00e0 reelei\u00e7\u00e3o.<\/p>\n\n\n\n<p>Desde o come\u00e7o das revela\u00e7\u00f5es sobre o caso, o ministro tem negado irregularidades.<br><\/p>\n","protected":false},"excerpt":{"rendered":"<p>A Pol\u00edcia Federal prendeu na manh\u00e3 desta quinta-feira (27) em Bras\u00edlia e em Minas Gerais um assessor especial e dois ex-assessores do ministro Marcelo \u00c1lvaro&hellip; <\/p>\n","protected":false},"author":1,"featured_media":102331,"comment_status":"closed","ping_status":"closed","sticky":false,"template":"","format":"standard","meta":{"sfsi_plus_gutenberg_text_before_share":"","sfsi_plus_gutenberg_show_text_before_share":"","sfsi_plus_gutenberg_icon_type":"","sfsi_plus_gutenberg_icon_alignemt":"","sfsi_plus_gutenburg_max_per_row":"","footnotes":""},"categories":[11],"tags":[],"class_list":["post-102330","post","type-post","status-publish","format-standard","has-post-thumbnail","hentry","category-politica"],"_links":{"self":[{"href":"https:\/\/www.caririemacao.com\/1\/wp-json\/wp\/v2\/posts\/102330","targetHints":{"allow":["GET"]}}],"collection":[{"href":"https:\/\/www.caririemacao.com\/1\/wp-json\/wp\/v2\/posts"}],"about":[{"href":"https:\/\/www.caririemacao.com\/1\/wp-json\/wp\/v2\/types\/post"}],"author":[{"embeddable":true,"href":"https:\/\/www.caririemacao.com\/1\/wp-json\/wp\/v2\/users\/1"}],"replies":[{"embeddable":true,"href":"https:\/\/www.caririemacao.com\/1\/wp-json\/wp\/v2\/comments?post=102330"}],"version-history":[{"count":1,"href":"https:\/\/www.caririemacao.com\/1\/wp-json\/wp\/v2\/posts\/102330\/revisions"}],"predecessor-version":[{"id":102332,"href":"https:\/\/www.caririemacao.com\/1\/wp-json\/wp\/v2\/posts\/102330\/revisions\/102332"}],"wp:featuredmedia":[{"embeddable":true,"href":"https:\/\/www.caririemacao.com\/1\/wp-json\/wp\/v2\/media\/102331"}],"wp:attachment":[{"href":"https:\/\/www.caririemacao.com\/1\/wp-json\/wp\/v2\/media?parent=102330"}],"wp:term":[{"taxonomy":"category","embeddable":true,"href":"https:\/\/www.caririemacao.com\/1\/wp-json\/wp\/v2\/categories?post=102330"},{"taxonomy":"post_tag","embeddable":true,"href":"https:\/\/www.caririemacao.com\/1\/wp-json\/wp\/v2\/tags?post=102330"}],"curies":[{"name":"wp","href":"https:\/\/api.w.org\/{rel}","templated":true}]}}