{"id":102336,"date":"2019-06-27T14:16:54","date_gmt":"2019-06-27T17:16:54","guid":{"rendered":"http:\/\/www.caririemacao.com\/1\/?p=102336"},"modified":"2019-06-27T14:16:54","modified_gmt":"2019-06-27T17:16:54","slug":"dia-do-evangelico-abrira-comemoracoes-do-sao-pedro-em-sao-jose-dos-cordeiros","status":"publish","type":"post","link":"https:\/\/www.caririemacao.com\/1\/2019\/06\/27\/dia-do-evangelico-abrira-comemoracoes-do-sao-pedro-em-sao-jose-dos-cordeiros\/","title":{"rendered":"Dia do Evang\u00e9lico abrir\u00e1 comemora\u00e7\u00f5es do S\u00e3o Pedro em S\u00e3o Jos\u00e9 dos Cordeiros"},"content":{"rendered":"\n<p>O munic\u00edpio de S\u00e3o Jos\u00e9 dos Cordeiros j\u00e1 se prepara para comemorar sua tradicional festa de S\u00e3o Pedro. O evento vem sendo aberto nos \u00faltimos anos com uma programa\u00e7\u00e3o voltada a comunidade evang\u00e9lica, completamente apoiada pela gest\u00e3o municipal.<\/p>\n\n\n\n<p>Neste ano de 2019, o Dia do Evang\u00e9lico ocorrer\u00e1 em 28 de junho, pr\u00f3xima sexta-feira, e contar\u00e1 com shows e muito louvor ministrados por pastores e bandas gospel. Entre as presen\u00e7as confirmadas est\u00e3o a banda Gera\u00e7\u00e3o Eleita, o cantor S\u00edlvio Rog\u00e9rio (Monteiro) e Jefferson e Priscila (Campina Grande).<\/p>\n\n\n\n<p>O evento contar\u00e1 ainda com as participa\u00e7\u00f5es dos pastores Daniel Nunes e Francisnaldo Sim\u00f5es e v\u00e1rias caravanas de evang\u00e9licos est\u00e3o confirmando presen\u00e7a na festa. Para o prefeito Jefferson Roberto: \u201c\u00c9 um compromisso da administra\u00e7\u00e3o de S\u00e3o Jos\u00e9 dos Cordeiros apoiar todos os eventos religiosos e sociais promovidos pelas institui\u00e7\u00f5es do munic\u00edpio, especialmente porque entendemos que \u00e9 desta forma que nos fazemos presentes junto as manifesta\u00e7\u00f5es do nosso povo\u201d.<\/p>\n\n\n\n<p><strong>Demais shows<\/strong><\/p>\n\n\n\n<p>O S\u00e3o Pedro de S\u00e3o Jos\u00e9 dos Cordeiros tem seu dia principal no s\u00e1bado, dia 29 de junho, com shows em pra\u00e7a p\u00fablica de Tom Oliveira, S\u00e2mya Maia, Lucas do Acordeon e Paulinho Silva.<\/p>\n\n\n\n<p><strong>De Olho no Cariri<\/strong><\/p>\n","protected":false},"excerpt":{"rendered":"<p>O munic\u00edpio de S\u00e3o Jos\u00e9 dos Cordeiros j\u00e1 se prepara para comemorar sua tradicional festa de S\u00e3o Pedro. O evento vem sendo aberto nos \u00faltimos&hellip; <\/p>\n","protected":false},"author":1,"featured_media":102337,"comment_status":"closed","ping_status":"closed","sticky":false,"template":"","format":"standard","meta":{"sfsi_plus_gutenberg_text_before_share":"","sfsi_plus_gutenberg_show_text_before_share":"","sfsi_plus_gutenberg_icon_type":"","sfsi_plus_gutenberg_icon_alignemt":"","sfsi_plus_gutenburg_max_per_row":"","footnotes":""},"categories":[50,2],"tags":[],"class_list":["post-102336","post","type-post","status-publish","format-standard","has-post-thumbnail","hentry","category-destaque","category-geral"],"_links":{"self":[{"href":"https:\/\/www.caririemacao.com\/1\/wp-json\/wp\/v2\/posts\/102336","targetHints":{"allow":["GET"]}}],"collection":[{"href":"https:\/\/www.caririemacao.com\/1\/wp-json\/wp\/v2\/posts"}],"about":[{"href":"https:\/\/www.caririemacao.com\/1\/wp-json\/wp\/v2\/types\/post"}],"author":[{"embeddable":true,"href":"https:\/\/www.caririemacao.com\/1\/wp-json\/wp\/v2\/users\/1"}],"replies":[{"embeddable":true,"href":"https:\/\/www.caririemacao.com\/1\/wp-json\/wp\/v2\/comments?post=102336"}],"version-history":[{"count":1,"href":"https:\/\/www.caririemacao.com\/1\/wp-json\/wp\/v2\/posts\/102336\/revisions"}],"predecessor-version":[{"id":102338,"href":"https:\/\/www.caririemacao.com\/1\/wp-json\/wp\/v2\/posts\/102336\/revisions\/102338"}],"wp:featuredmedia":[{"embeddable":true,"href":"https:\/\/www.caririemacao.com\/1\/wp-json\/wp\/v2\/media\/102337"}],"wp:attachment":[{"href":"https:\/\/www.caririemacao.com\/1\/wp-json\/wp\/v2\/media?parent=102336"}],"wp:term":[{"taxonomy":"category","embeddable":true,"href":"https:\/\/www.caririemacao.com\/1\/wp-json\/wp\/v2\/categories?post=102336"},{"taxonomy":"post_tag","embeddable":true,"href":"https:\/\/www.caririemacao.com\/1\/wp-json\/wp\/v2\/tags?post=102336"}],"curies":[{"name":"wp","href":"https:\/\/api.w.org\/{rel}","templated":true}]}}