{"id":102352,"date":"2019-06-27T15:28:56","date_gmt":"2019-06-27T18:28:56","guid":{"rendered":"http:\/\/www.caririemacao.com\/1\/?p=102352"},"modified":"2019-06-27T15:28:56","modified_gmt":"2019-06-27T18:28:56","slug":"prefeita-anna-lorena-realiza-oitava-convocacao-de-aprovados-em-concurso","status":"publish","type":"post","link":"https:\/\/www.caririemacao.com\/1\/2019\/06\/27\/prefeita-anna-lorena-realiza-oitava-convocacao-de-aprovados-em-concurso\/","title":{"rendered":"Prefeita Anna Lorena realiza oitava convoca\u00e7\u00e3o de aprovados em concurso"},"content":{"rendered":"\n<p>A prefeita Anna Lorena assinou na manh\u00e3 desta quinta-feira, 27, a convoca\u00e7\u00e3o de mais 15 aprovados no Concurso 001\/2017.<\/p>\n\n\n\n<p>No edital de convoca\u00e7\u00e3o est\u00e3o sendo chamados aprovados no concurso realizado em 2017 para diversos cargos. Nesta oitava chamada tomar\u00e3o posse: T\u00e9cnico Administrativo Plantonista, Agente de Portaria para Santa Catarina, Cozinheiro Plantonista, Art\u00edfice, Aux. de Apoio Escolar, T\u00e9cnico de Enfermagem Plantonista, Condutor Socorrista Plantonista, Condutor de Ve\u00edculo de Urg\u00eancia, Professor de Educa\u00e7\u00e3o Infantil e Fundamental zona urbana, Professor de Geografia, Matem\u00e1tica e Portugu\u00eas.<\/p>\n\n\n\n<p>Os aprovados convocados devem comparecer a Secretaria de Administra\u00e7\u00e3o (Em cima do Banco do Brasil) no prazo de 30 dias munidos dos documentos necess\u00e1rios.<\/p>\n\n\n\n<p>\u201cMais uma chamada que realizamos, esta tem um sabor mais especial pois, estamos realizando esta convoca\u00e7\u00e3o \u00e0s v\u00e9speras do anivers\u00e1rio de emancipa\u00e7\u00e3o do munic\u00edpio de Monteiro. Mais um presente para os monteirenses e para os concursados\u201d, afirma a gestora Anna Lorena.<\/p>\n\n\n\n<p>Acessar o edital de convoca\u00e7\u00e3o e confira os nomes dos convocados&nbsp;<a href=\"https:\/\/www.monteiro.pb.gov.br\/portal\/legislacao\/edital\/edital-de-convocacao-n-0082017\">atrav\u00e9s do link<\/a><\/p>\n","protected":false},"excerpt":{"rendered":"<p>A prefeita Anna Lorena assinou na manh\u00e3 desta quinta-feira, 27, a convoca\u00e7\u00e3o de mais 15 aprovados no Concurso 001\/2017. No edital de convoca\u00e7\u00e3o est\u00e3o sendo&hellip; <\/p>\n","protected":false},"author":1,"featured_media":102353,"comment_status":"closed","ping_status":"closed","sticky":false,"template":"","format":"standard","meta":{"sfsi_plus_gutenberg_text_before_share":"","sfsi_plus_gutenberg_show_text_before_share":"","sfsi_plus_gutenberg_icon_type":"","sfsi_plus_gutenberg_icon_alignemt":"","sfsi_plus_gutenburg_max_per_row":"","footnotes":""},"categories":[2],"tags":[],"class_list":["post-102352","post","type-post","status-publish","format-standard","has-post-thumbnail","hentry","category-geral"],"_links":{"self":[{"href":"https:\/\/www.caririemacao.com\/1\/wp-json\/wp\/v2\/posts\/102352","targetHints":{"allow":["GET"]}}],"collection":[{"href":"https:\/\/www.caririemacao.com\/1\/wp-json\/wp\/v2\/posts"}],"about":[{"href":"https:\/\/www.caririemacao.com\/1\/wp-json\/wp\/v2\/types\/post"}],"author":[{"embeddable":true,"href":"https:\/\/www.caririemacao.com\/1\/wp-json\/wp\/v2\/users\/1"}],"replies":[{"embeddable":true,"href":"https:\/\/www.caririemacao.com\/1\/wp-json\/wp\/v2\/comments?post=102352"}],"version-history":[{"count":1,"href":"https:\/\/www.caririemacao.com\/1\/wp-json\/wp\/v2\/posts\/102352\/revisions"}],"predecessor-version":[{"id":102354,"href":"https:\/\/www.caririemacao.com\/1\/wp-json\/wp\/v2\/posts\/102352\/revisions\/102354"}],"wp:featuredmedia":[{"embeddable":true,"href":"https:\/\/www.caririemacao.com\/1\/wp-json\/wp\/v2\/media\/102353"}],"wp:attachment":[{"href":"https:\/\/www.caririemacao.com\/1\/wp-json\/wp\/v2\/media?parent=102352"}],"wp:term":[{"taxonomy":"category","embeddable":true,"href":"https:\/\/www.caririemacao.com\/1\/wp-json\/wp\/v2\/categories?post=102352"},{"taxonomy":"post_tag","embeddable":true,"href":"https:\/\/www.caririemacao.com\/1\/wp-json\/wp\/v2\/tags?post=102352"}],"curies":[{"name":"wp","href":"https:\/\/api.w.org\/{rel}","templated":true}]}}