{"id":102357,"date":"2019-06-27T15:30:24","date_gmt":"2019-06-27T18:30:24","guid":{"rendered":"http:\/\/www.caririemacao.com\/1\/?p=102357"},"modified":"2019-06-27T15:30:24","modified_gmt":"2019-06-27T18:30:24","slug":"divulgada-primeira-lista-de-espera-para-ingresso-na-uepb-pelo-sisu-2019-2","status":"publish","type":"post","link":"https:\/\/www.caririemacao.com\/1\/2019\/06\/27\/divulgada-primeira-lista-de-espera-para-ingresso-na-uepb-pelo-sisu-2019-2\/","title":{"rendered":"Divulgada primeira Lista de Espera para ingresso na UEPB pelo SiSU 2019.2"},"content":{"rendered":"\n<div class=\"wp-block-image\"><figure class=\"alignright\"><img decoding=\"async\" data-src=\"https:\/\/i1.wp.com\/www.vitrinedocariri.com.br\/wp-content\/uploads\/2019\/02\/uepb-monteiro-nova.jpg?zoom=2&amp;resize=330%2C178&amp;ssl=1\" alt=\"\" class=\"wp-image-34725 lazyload\" src=\"data:image\/svg+xml;base64,PHN2ZyB3aWR0aD0iMSIgaGVpZ2h0PSIxIiB4bWxucz0iaHR0cDovL3d3dy53My5vcmcvMjAwMC9zdmciPjwvc3ZnPg==\" \/><\/figure><\/div>\n\n\n\n<p>A Pr\u00f3-Reitoria de Gradua\u00e7\u00e3o (PROGRAD) da Universidade Estadual da Para\u00edba (UEPB) divulgou, nesta quinta-feira (27), a primeira chamada da Lista de Espera para ingresso na Institui\u00e7\u00e3o pelo Sistema de Sele\u00e7\u00e3o Unificada (SiSU) 2019\/2. Os candidatos convocados nesta chamada devem efetuar matr\u00edcula nos dias 28 de junho, 1\u00ba e 2 de julho, das 7h \u00e0s 12h, na coordena\u00e7\u00e3o do curso para o qual foi aprovado.<\/p>\n\n\n\n<p>Para a efetiva\u00e7\u00e3o da matr\u00edcula, os convocados devem entregar c\u00f3pias dos seguintes documentos (podendo optar por trazer os documentos autenticados ou os originais para que o servidor possa atestar a autenticidade): certificado de conclus\u00e3o do Ensino M\u00e9dio e Hist\u00f3rico Escolar; RG e CPF; prova de quita\u00e7\u00e3o com o Servi\u00e7o Militar (no caso de candidatos do sexo masculino); Registro de Nascimento ou Certid\u00e3o de Casamento; prova de quita\u00e7\u00e3o com o TRE, para maiores de 18 anos; e uma fotografia 3\u00d74 recente.<\/p>\n\n\n\n<p>A matr\u00edcula s\u00f3 ser\u00e1 permitida aos estudantes que apresentarem todos os documentos exigidos no Edital, n\u00e3o sendo permitida a complementa\u00e7\u00e3o de documentos posteriormente. Outras informa\u00e7\u00f5es podem ser obtidas pelo telefone (83) 3315-3350 ou no site http:\/\/proreitorias.uepb.edu.br\/prograd\/sisu\/sisu-entrada-2019-2\/. A lista completa de convocados est\u00e1 dispon\u00edvel no site www.uepb.edu.br.<br><\/p>\n","protected":false},"excerpt":{"rendered":"<p>A Pr\u00f3-Reitoria de Gradua\u00e7\u00e3o (PROGRAD) da Universidade Estadual da Para\u00edba (UEPB) divulgou, nesta quinta-feira (27), a primeira chamada da Lista de Espera para ingresso na&hellip; <\/p>\n","protected":false},"author":1,"featured_media":642,"comment_status":"closed","ping_status":"closed","sticky":false,"template":"","format":"standard","meta":{"sfsi_plus_gutenberg_text_before_share":"","sfsi_plus_gutenberg_show_text_before_share":"","sfsi_plus_gutenberg_icon_type":"","sfsi_plus_gutenberg_icon_alignemt":"","sfsi_plus_gutenburg_max_per_row":"","footnotes":""},"categories":[14],"tags":[],"class_list":["post-102357","post","type-post","status-publish","format-standard","has-post-thumbnail","hentry","category-educacao"],"_links":{"self":[{"href":"https:\/\/www.caririemacao.com\/1\/wp-json\/wp\/v2\/posts\/102357","targetHints":{"allow":["GET"]}}],"collection":[{"href":"https:\/\/www.caririemacao.com\/1\/wp-json\/wp\/v2\/posts"}],"about":[{"href":"https:\/\/www.caririemacao.com\/1\/wp-json\/wp\/v2\/types\/post"}],"author":[{"embeddable":true,"href":"https:\/\/www.caririemacao.com\/1\/wp-json\/wp\/v2\/users\/1"}],"replies":[{"embeddable":true,"href":"https:\/\/www.caririemacao.com\/1\/wp-json\/wp\/v2\/comments?post=102357"}],"version-history":[{"count":1,"href":"https:\/\/www.caririemacao.com\/1\/wp-json\/wp\/v2\/posts\/102357\/revisions"}],"predecessor-version":[{"id":102358,"href":"https:\/\/www.caririemacao.com\/1\/wp-json\/wp\/v2\/posts\/102357\/revisions\/102358"}],"wp:featuredmedia":[{"embeddable":true,"href":"https:\/\/www.caririemacao.com\/1\/wp-json\/wp\/v2\/media\/642"}],"wp:attachment":[{"href":"https:\/\/www.caririemacao.com\/1\/wp-json\/wp\/v2\/media?parent=102357"}],"wp:term":[{"taxonomy":"category","embeddable":true,"href":"https:\/\/www.caririemacao.com\/1\/wp-json\/wp\/v2\/categories?post=102357"},{"taxonomy":"post_tag","embeddable":true,"href":"https:\/\/www.caririemacao.com\/1\/wp-json\/wp\/v2\/tags?post=102357"}],"curies":[{"name":"wp","href":"https:\/\/api.w.org\/{rel}","templated":true}]}}