{"id":102361,"date":"2019-06-27T19:44:46","date_gmt":"2019-06-27T22:44:46","guid":{"rendered":"http:\/\/www.caririemacao.com\/1\/?p=102361"},"modified":"2019-06-27T19:44:46","modified_gmt":"2019-06-27T22:44:46","slug":"secretaria-de-saude-de-ouro-velho-realiza-cirurgias-de-pterigio","status":"publish","type":"post","link":"https:\/\/www.caririemacao.com\/1\/2019\/06\/27\/secretaria-de-saude-de-ouro-velho-realiza-cirurgias-de-pterigio\/","title":{"rendered":"Secretaria de Sa\u00fade de Ouro Velho realiza cirurgias de pter\u00edgio"},"content":{"rendered":"\n<p>A Prefeitura de Ouro Velho, atrav\u00e9s da Secretaria de Sa\u00fade, em parceria com a Cl\u00ednica Escola da FACISA, realizou nesta quinta-feira, dia 27, cirurgias de Pter\u00edgio nos usu\u00e1rios do SUS que s\u00e3o diagnosticados com essas doen\u00e7as.<\/p>\n\n\n\n<figure class=\"wp-block-image\"><img fetchpriority=\"high\" decoding=\"async\" width=\"1024\" height=\"768\" src=\"http:\/\/www.caririemacao.com\/1\/wp-content\/uploads\/2019\/06\/WhatsApp-Image-2019-06-27-at-19.02.26-2-1024x768.jpeg\" alt=\"\" class=\"wp-image-102363\" srcset=\"https:\/\/www.caririemacao.com\/1\/wp-content\/uploads\/2019\/06\/WhatsApp-Image-2019-06-27-at-19.02.26-2.jpeg 1024w, https:\/\/www.caririemacao.com\/1\/wp-content\/uploads\/2019\/06\/WhatsApp-Image-2019-06-27-at-19.02.26-2-300x225.jpeg 300w, https:\/\/www.caririemacao.com\/1\/wp-content\/uploads\/2019\/06\/WhatsApp-Image-2019-06-27-at-19.02.26-2-768x576.jpeg 768w\" sizes=\"(max-width: 1024px) 100vw, 1024px\" \/><\/figure>\n\n\n\n<p>Segundo a secret\u00e1ria Ludmila, no total foram 08 pessoas de Ouro Velho beneficiadas com as cirurgias de pter\u00edgio que estavam na lista de espera. \u201cTodos os procedimentos e cirurgias foram pagas com recurso municipal, trazendo mais sa\u00fade a estas pessoas que tanto precisavam dessas cirurgias\u201d, comentou a secret\u00e1ria.<\/p>\n\n\n\n<figure class=\"wp-block-image\"><img decoding=\"async\" width=\"1024\" height=\"768\" data-src=\"http:\/\/www.caririemacao.com\/1\/wp-content\/uploads\/2019\/06\/WhatsApp-Image-2019-06-27-at-17.24.14-1-1024x768.jpeg\" alt=\"\" class=\"wp-image-102366 lazyload\" data-srcset=\"https:\/\/www.caririemacao.com\/1\/wp-content\/uploads\/2019\/06\/WhatsApp-Image-2019-06-27-at-17.24.14-1-1024x768.jpeg 1024w, https:\/\/www.caririemacao.com\/1\/wp-content\/uploads\/2019\/06\/WhatsApp-Image-2019-06-27-at-17.24.14-1-300x225.jpeg 300w, https:\/\/www.caririemacao.com\/1\/wp-content\/uploads\/2019\/06\/WhatsApp-Image-2019-06-27-at-17.24.14-1-768x576.jpeg 768w, https:\/\/www.caririemacao.com\/1\/wp-content\/uploads\/2019\/06\/WhatsApp-Image-2019-06-27-at-17.24.14-1.jpeg 1040w\" data-sizes=\"(max-width: 1024px) 100vw, 1024px\" src=\"data:image\/svg+xml;base64,PHN2ZyB3aWR0aD0iMSIgaGVpZ2h0PSIxIiB4bWxucz0iaHR0cDovL3d3dy53My5vcmcvMjAwMC9zdmciPjwvc3ZnPg==\" style=\"--smush-placeholder-width: 1024px; --smush-placeholder-aspect-ratio: 1024\/768;\" \/><\/figure>\n\n\n\n<p>O pter\u00edgio \u00e9 uma forma\u00e7\u00e3o carnosa que avan\u00e7a sobre a c\u00f3rnea,\ngeralmente do lado nasal. Trata-se de uma resposta do olho a um processo de\nirrita\u00e7\u00e3o ocular cr\u00f4nica, em que a exposi\u00e7\u00e3o \u00e0 luz solar e ao vento t\u00eam um\npapel importante. Pessoas que trabalham ao ar livre, expostas ao sol, vento,\npoeira, t\u00eam mais chance de desenvolverem a doen\u00e7a.<\/p>\n","protected":false},"excerpt":{"rendered":"<p>A Prefeitura de Ouro Velho, atrav\u00e9s da Secretaria de Sa\u00fade, em parceria com a Cl\u00ednica Escola da FACISA, realizou nesta quinta-feira, dia 27, cirurgias de&hellip; <\/p>\n","protected":false},"author":2,"featured_media":102362,"comment_status":"closed","ping_status":"closed","sticky":false,"template":"","format":"standard","meta":{"sfsi_plus_gutenberg_text_before_share":"","sfsi_plus_gutenberg_show_text_before_share":"","sfsi_plus_gutenberg_icon_type":"","sfsi_plus_gutenberg_icon_alignemt":"","sfsi_plus_gutenburg_max_per_row":"","footnotes":""},"categories":[6,50],"tags":[],"class_list":["post-102361","post","type-post","status-publish","format-standard","has-post-thumbnail","hentry","category-cidades","category-destaque"],"_links":{"self":[{"href":"https:\/\/www.caririemacao.com\/1\/wp-json\/wp\/v2\/posts\/102361","targetHints":{"allow":["GET"]}}],"collection":[{"href":"https:\/\/www.caririemacao.com\/1\/wp-json\/wp\/v2\/posts"}],"about":[{"href":"https:\/\/www.caririemacao.com\/1\/wp-json\/wp\/v2\/types\/post"}],"author":[{"embeddable":true,"href":"https:\/\/www.caririemacao.com\/1\/wp-json\/wp\/v2\/users\/2"}],"replies":[{"embeddable":true,"href":"https:\/\/www.caririemacao.com\/1\/wp-json\/wp\/v2\/comments?post=102361"}],"version-history":[{"count":1,"href":"https:\/\/www.caririemacao.com\/1\/wp-json\/wp\/v2\/posts\/102361\/revisions"}],"predecessor-version":[{"id":102367,"href":"https:\/\/www.caririemacao.com\/1\/wp-json\/wp\/v2\/posts\/102361\/revisions\/102367"}],"wp:featuredmedia":[{"embeddable":true,"href":"https:\/\/www.caririemacao.com\/1\/wp-json\/wp\/v2\/media\/102362"}],"wp:attachment":[{"href":"https:\/\/www.caririemacao.com\/1\/wp-json\/wp\/v2\/media?parent=102361"}],"wp:term":[{"taxonomy":"category","embeddable":true,"href":"https:\/\/www.caririemacao.com\/1\/wp-json\/wp\/v2\/categories?post=102361"},{"taxonomy":"post_tag","embeddable":true,"href":"https:\/\/www.caririemacao.com\/1\/wp-json\/wp\/v2\/tags?post=102361"}],"curies":[{"name":"wp","href":"https:\/\/api.w.org\/{rel}","templated":true}]}}