{"id":102374,"date":"2019-06-28T06:32:12","date_gmt":"2019-06-28T09:32:12","guid":{"rendered":"http:\/\/www.caririemacao.com\/1\/?p=102374"},"modified":"2019-06-28T06:32:12","modified_gmt":"2019-06-28T09:32:12","slug":"aniversario-de-monteiro-prefeita-entrega-obras-e-lanca-programa-cidade-trabalho-nesta-sexta-feira","status":"publish","type":"post","link":"https:\/\/www.caririemacao.com\/1\/2019\/06\/28\/aniversario-de-monteiro-prefeita-entrega-obras-e-lanca-programa-cidade-trabalho-nesta-sexta-feira\/","title":{"rendered":"Anivers\u00e1rio de Monteiro: Prefeita entrega obras e lan\u00e7a programa Cidade Trabalho nesta sexta-feira"},"content":{"rendered":"\n<div class=\"wp-block-image\"><figure class=\"alignleft\"><img decoding=\"async\" data-src=\"https:\/\/i1.wp.com\/www.vitrinedocariri.com.br\/wp-content\/uploads\/2019\/06\/lorena.jpg?zoom=2&amp;resize=330%2C220&amp;ssl=1\" alt=\"\" class=\"wp-image-46055 lazyload\" src=\"data:image\/svg+xml;base64,PHN2ZyB3aWR0aD0iMSIgaGVpZ2h0PSIxIiB4bWxucz0iaHR0cDovL3d3dy53My5vcmcvMjAwMC9zdmciPjwvc3ZnPg==\" \/><\/figure><\/div>\n\n\n\n<p>A Prefeita Anna Lorena lan\u00e7ar\u00e1 nesta sexta-feira, dia 28, data que marca o anivers\u00e1rio de emancipa\u00e7\u00e3o pol\u00edtica de Monteiro, o programa Cidade Trabalho, com mais de R$ 5 milh\u00f5es em investimentos, e far\u00e1 a entrega de uma nova Unidade de Sa\u00fade e a pavimenta\u00e7\u00e3o de 15 ruas.<\/p>\n\n\n\n<p>A programa\u00e7\u00e3o especial em comemora\u00e7\u00e3o aos 147 anos de Monteiro tem in\u00edcio \u00e0s 5h, com alvorada da Banda Filarm\u00f4nica, e as 8h, haver\u00e1 o hasteamento das Bandeiras, em frente ao pr\u00e9dio da Prefeitura Municipal.<\/p>\n\n\n\n<div class=\"wp-block-image\"><figure class=\"alignleft\"><img decoding=\"async\" data-src=\"https:\/\/i1.wp.com\/www.vitrinedocariri.com.br\/wp-content\/uploads\/2019\/06\/Anivers%C3%A1rio-de-Monteiro-1.jpeg?zoom=2&amp;resize=330%2C330&amp;ssl=1\" alt=\"\" class=\"wp-image-47150 lazyload\" src=\"data:image\/svg+xml;base64,PHN2ZyB3aWR0aD0iMSIgaGVpZ2h0PSIxIiB4bWxucz0iaHR0cDovL3d3dy53My5vcmcvMjAwMC9zdmciPjwvc3ZnPg==\" \/><\/figure><\/div>\n\n\n\n<p>As 9h, a Prefeita Anna Lorena inaugurar\u00e1 a Unidade B\u00e1sica de Sa\u00fade 12, na Rua do Buj\u00e3o, que oferecer\u00e1 diversos servi\u00e7os de sa\u00fade para popula\u00e7\u00e3o.<\/p>\n\n\n\n<p>A programa\u00e7\u00e3o continua a tarde, as 17h, onde ocorrer\u00e1 a Missa de A\u00e7\u00e3o de Gra\u00e7as na Igreja Matriz de Nossa Senhora das Dores.<\/p>\n\n\n\n<p>As 18h, no S\u00edtio S\u00e3o Francisco, a Prefeita Anna Lorena, far\u00e1 o lan\u00e7amento do programa Cidade Trabalho, com investimentos que somam mais de R$ 5 milh\u00f5es em diversas \u00e1reas. A gestora far\u00e1 a entrega da pavimenta\u00e7\u00e3o em paralelep\u00edpedos de 15 ruas e de um novo \u00f4nibus escolar para educa\u00e7\u00e3o, e assinar\u00e1 a ordem de servi\u00e7o para constru\u00e7\u00e3o do Parque Tur\u00edstico da cidade, do Terminal Rodovi\u00e1rio, a constru\u00e7\u00e3o de cinco pontos de Motot\u00e1xi, e a pavimenta\u00e7\u00e3o de mais 15 ruas na cidade.<\/p>\n\n\n\n<p>A programa\u00e7\u00e3o se encerra \u00e0s 19h30, com um encontro Evang\u00e9lico em A\u00e7\u00e3o de Gra\u00e7a na Pra\u00e7a Jo\u00e3o Pessoa.<\/p>\n","protected":false},"excerpt":{"rendered":"<p>A Prefeita Anna Lorena lan\u00e7ar\u00e1 nesta sexta-feira, dia 28, data que marca o anivers\u00e1rio de emancipa\u00e7\u00e3o pol\u00edtica de Monteiro, o programa Cidade Trabalho, com mais&hellip; <\/p>\n","protected":false},"author":1,"featured_media":102375,"comment_status":"closed","ping_status":"closed","sticky":false,"template":"","format":"standard","meta":{"sfsi_plus_gutenberg_text_before_share":"","sfsi_plus_gutenberg_show_text_before_share":"","sfsi_plus_gutenberg_icon_type":"","sfsi_plus_gutenberg_icon_alignemt":"","sfsi_plus_gutenburg_max_per_row":"","footnotes":""},"categories":[50,2],"tags":[],"class_list":["post-102374","post","type-post","status-publish","format-standard","has-post-thumbnail","hentry","category-destaque","category-geral"],"_links":{"self":[{"href":"https:\/\/www.caririemacao.com\/1\/wp-json\/wp\/v2\/posts\/102374","targetHints":{"allow":["GET"]}}],"collection":[{"href":"https:\/\/www.caririemacao.com\/1\/wp-json\/wp\/v2\/posts"}],"about":[{"href":"https:\/\/www.caririemacao.com\/1\/wp-json\/wp\/v2\/types\/post"}],"author":[{"embeddable":true,"href":"https:\/\/www.caririemacao.com\/1\/wp-json\/wp\/v2\/users\/1"}],"replies":[{"embeddable":true,"href":"https:\/\/www.caririemacao.com\/1\/wp-json\/wp\/v2\/comments?post=102374"}],"version-history":[{"count":1,"href":"https:\/\/www.caririemacao.com\/1\/wp-json\/wp\/v2\/posts\/102374\/revisions"}],"predecessor-version":[{"id":102376,"href":"https:\/\/www.caririemacao.com\/1\/wp-json\/wp\/v2\/posts\/102374\/revisions\/102376"}],"wp:featuredmedia":[{"embeddable":true,"href":"https:\/\/www.caririemacao.com\/1\/wp-json\/wp\/v2\/media\/102375"}],"wp:attachment":[{"href":"https:\/\/www.caririemacao.com\/1\/wp-json\/wp\/v2\/media?parent=102374"}],"wp:term":[{"taxonomy":"category","embeddable":true,"href":"https:\/\/www.caririemacao.com\/1\/wp-json\/wp\/v2\/categories?post=102374"},{"taxonomy":"post_tag","embeddable":true,"href":"https:\/\/www.caririemacao.com\/1\/wp-json\/wp\/v2\/tags?post=102374"}],"curies":[{"name":"wp","href":"https:\/\/api.w.org\/{rel}","templated":true}]}}