{"id":102384,"date":"2019-06-28T06:36:05","date_gmt":"2019-06-28T09:36:05","guid":{"rendered":"http:\/\/www.caririemacao.com\/1\/?p=102384"},"modified":"2019-06-28T06:36:05","modified_gmt":"2019-06-28T09:36:05","slug":"prefeito-de-sao-jose-dos-cordeiros-anuncia-que-realizara-concurso-no-proximo-mes-de-setembro","status":"publish","type":"post","link":"https:\/\/www.caririemacao.com\/1\/2019\/06\/28\/prefeito-de-sao-jose-dos-cordeiros-anuncia-que-realizara-concurso-no-proximo-mes-de-setembro\/","title":{"rendered":"Prefeito de S\u00e3o Jos\u00e9 dos Cordeiros anuncia que realizar\u00e1 concurso no pr\u00f3ximo m\u00eas de setembro"},"content":{"rendered":"\n<p>O prefeito do munic\u00edpio de S\u00e3o Jos\u00e9 dos Cordeiros, Jefferson Roberto, anunciou nesta quarta-feira(26) atrav\u00e9s de suas redes sociais,&nbsp; a previs\u00e3o de data para realiza\u00e7\u00e3o de concurso p\u00fablico no munic\u00edpio. Segundo o gestor, o certame deve ser lan\u00e7ado nos pr\u00f3ximos meses e ser\u00e1 realizado j\u00e1 em setembro de 2019.<\/p>\n\n\n\n<p>Em contato com o portal De Olho no Cariri, Jefferson falou que o n\u00famero de vagas ainda est\u00e1 sendo fechado por sua equipe administrativa, mas a CPCON da UEPB j\u00e1 est\u00e1 sendo contratada para realizar o processo.<\/p>\n\n\n\n<p>Jefferson ainda falou sobre o concurso e a expectativa acerca da organiza\u00e7\u00e3o do certame. \u201cFizemos o an\u00fancio do concurso com anteced\u00eancia, com o intuito de contribuir para que a popula\u00e7\u00e3o em geral e os concurseiros se organizem e possam intensificar os estudos para fazerem uma boa prova. Vamos realizar tudo nos tr\u00e2mites e com extremo zelo e seriedade. Posteriormente vamos est\u00e1 anunciando mais detalhes sobre o concurso de nossa cidade\u201d, disse Jefferson.<\/p>\n\n\n\n<p><strong>De Olho no Cariri<\/strong><\/p>\n","protected":false},"excerpt":{"rendered":"<p>O prefeito do munic\u00edpio de S\u00e3o Jos\u00e9 dos Cordeiros, Jefferson Roberto, anunciou nesta quarta-feira(26) atrav\u00e9s de suas redes sociais,&nbsp; a previs\u00e3o de data para realiza\u00e7\u00e3o&hellip; <\/p>\n","protected":false},"author":1,"featured_media":102385,"comment_status":"closed","ping_status":"closed","sticky":false,"template":"","format":"standard","meta":{"sfsi_plus_gutenberg_text_before_share":"","sfsi_plus_gutenberg_show_text_before_share":"","sfsi_plus_gutenberg_icon_type":"","sfsi_plus_gutenberg_icon_alignemt":"","sfsi_plus_gutenburg_max_per_row":"","footnotes":""},"categories":[6,50],"tags":[],"class_list":["post-102384","post","type-post","status-publish","format-standard","has-post-thumbnail","hentry","category-cidades","category-destaque"],"_links":{"self":[{"href":"https:\/\/www.caririemacao.com\/1\/wp-json\/wp\/v2\/posts\/102384","targetHints":{"allow":["GET"]}}],"collection":[{"href":"https:\/\/www.caririemacao.com\/1\/wp-json\/wp\/v2\/posts"}],"about":[{"href":"https:\/\/www.caririemacao.com\/1\/wp-json\/wp\/v2\/types\/post"}],"author":[{"embeddable":true,"href":"https:\/\/www.caririemacao.com\/1\/wp-json\/wp\/v2\/users\/1"}],"replies":[{"embeddable":true,"href":"https:\/\/www.caririemacao.com\/1\/wp-json\/wp\/v2\/comments?post=102384"}],"version-history":[{"count":1,"href":"https:\/\/www.caririemacao.com\/1\/wp-json\/wp\/v2\/posts\/102384\/revisions"}],"predecessor-version":[{"id":102386,"href":"https:\/\/www.caririemacao.com\/1\/wp-json\/wp\/v2\/posts\/102384\/revisions\/102386"}],"wp:featuredmedia":[{"embeddable":true,"href":"https:\/\/www.caririemacao.com\/1\/wp-json\/wp\/v2\/media\/102385"}],"wp:attachment":[{"href":"https:\/\/www.caririemacao.com\/1\/wp-json\/wp\/v2\/media?parent=102384"}],"wp:term":[{"taxonomy":"category","embeddable":true,"href":"https:\/\/www.caririemacao.com\/1\/wp-json\/wp\/v2\/categories?post=102384"},{"taxonomy":"post_tag","embeddable":true,"href":"https:\/\/www.caririemacao.com\/1\/wp-json\/wp\/v2\/tags?post=102384"}],"curies":[{"name":"wp","href":"https:\/\/api.w.org\/{rel}","templated":true}]}}