{"id":102424,"date":"2019-06-28T12:49:40","date_gmt":"2019-06-28T15:49:40","guid":{"rendered":"http:\/\/www.caririemacao.com\/1\/?p=102424"},"modified":"2019-06-28T12:49:40","modified_gmt":"2019-06-28T15:49:40","slug":"viva-ao-novo-tempo-prefeita-anna-lorena-parabena-monteiro-pelos-147-anos","status":"publish","type":"post","link":"https:\/\/www.caririemacao.com\/1\/2019\/06\/28\/viva-ao-novo-tempo-prefeita-anna-lorena-parabena-monteiro-pelos-147-anos\/","title":{"rendered":"Viva ao Novo Tempo: Prefeita Anna Lorena parabena Monteiro pelos 147 anos"},"content":{"rendered":"\n<div class=\"wp-block-image\"><figure class=\"alignright\"><img decoding=\"async\" data-src=\"https:\/\/i2.wp.com\/www.vitrinedocariri.com.br\/wp-content\/uploads\/2018\/03\/lorena_oficial.jpg?zoom=2&amp;resize=330%2C357&amp;ssl=1\" alt=\"\" class=\"wp-image-7736 lazyload\" src=\"data:image\/svg+xml;base64,PHN2ZyB3aWR0aD0iMSIgaGVpZ2h0PSIxIiB4bWxucz0iaHR0cDovL3d3dy53My5vcmcvMjAwMC9zdmciPjwvc3ZnPg==\" \/><\/figure><\/div>\n\n\n\n<p>A Prefeita de Monteiro, Anna Lorena, emitiu mensagem oficial parabenizando o munic\u00edpio de Monteiro pelos 147 anos emancipa\u00e7\u00e3o pol\u00edtica, comemorado neste dia 28 de junho.<\/p>\n\n\n\n<p><strong>Confira a mensagem na \u00edntegra:<\/strong><\/p>\n\n\n\n<p><em>Nossa querida Monteiro comemora hoje seus 147 anos de emancipa\u00e7\u00e3o pol\u00edtica, vivendo um novo tempo, de trabalho, respeito e harmonia entre as fam\u00edlias monteirenses.<\/em><\/p>\n\n\n\n<p><em>S\u00e3o a\u00e7\u00f5es espalhadas pelos quatro cantos do munic\u00edpio, em todas as \u00e1reas. A Prefeitura Municipal n\u00e3o tem medido esfor\u00e7os para garantir a melhoria de vida da popula\u00e7\u00e3o, como tamb\u00e9m, com o desenvolvimento do munic\u00edpio.<\/em><\/p>\n\n\n\n<p><em>Depois do sucesso da S\u00e3o Jo\u00e3o 2019 \u2013 Cidade Forr\u00f3, a Prefeitura Municipal entrega uma nova Unidade B\u00e1sica de Sa\u00fade, o cal\u00e7amento de 15 ruas e um novo \u00f4nibus escolar para educa\u00e7\u00e3o, e lan\u00e7aremos o programa Cidade Trabalho, com a assinatura da ordem de servi\u00e7o para constru\u00e7\u00e3o do Parque Tur\u00edstico, do Terminal Rodovi\u00e1rio, de cinco pontos de Motot\u00e1xi e a pavimenta\u00e7\u00e3o em paralelep\u00edpedos de 15 novas ruas, com investimentos que somam mais de 5 milh\u00f5es de reais, fazendo de Monteiro um canteiro de obras. S\u00e3o a\u00e7\u00f5es como essas, que trazem dignidade para a popula\u00e7\u00e3o.<\/em><\/p>\n\n\n\n<p><em>Neste dia 28, n\u00f3s que fazemos a Prefeitura Municipal de Monteiro, queremos reafirmar nosso compromisso de continuar trabalhando cada vez mais por uma Monteiro melhor, pois nossa cidade n\u00e3o tem dono, e nossa bandeira \u00e9 Monteiro.<\/em><\/p>\n\n\n\n<p><em>Parab\u00e9ns Monteiro, e viva ao novo tempo!<\/em><\/p>\n\n\n\n<p><em>Anna Lorena de Farias Leite N\u00f3brega&nbsp;<\/em><br><em>Prefeita de Monteiro<\/em><\/p>\n","protected":false},"excerpt":{"rendered":"<p>A Prefeita de Monteiro, Anna Lorena, emitiu mensagem oficial parabenizando o munic\u00edpio de Monteiro pelos 147 anos emancipa\u00e7\u00e3o pol\u00edtica, comemorado neste dia 28 de junho.&hellip; <\/p>\n","protected":false},"author":1,"featured_media":12074,"comment_status":"closed","ping_status":"closed","sticky":false,"template":"","format":"standard","meta":{"sfsi_plus_gutenberg_text_before_share":"","sfsi_plus_gutenberg_show_text_before_share":"","sfsi_plus_gutenberg_icon_type":"","sfsi_plus_gutenberg_icon_alignemt":"","sfsi_plus_gutenburg_max_per_row":"","footnotes":""},"categories":[2],"tags":[],"class_list":["post-102424","post","type-post","status-publish","format-standard","has-post-thumbnail","hentry","category-geral"],"_links":{"self":[{"href":"https:\/\/www.caririemacao.com\/1\/wp-json\/wp\/v2\/posts\/102424","targetHints":{"allow":["GET"]}}],"collection":[{"href":"https:\/\/www.caririemacao.com\/1\/wp-json\/wp\/v2\/posts"}],"about":[{"href":"https:\/\/www.caririemacao.com\/1\/wp-json\/wp\/v2\/types\/post"}],"author":[{"embeddable":true,"href":"https:\/\/www.caririemacao.com\/1\/wp-json\/wp\/v2\/users\/1"}],"replies":[{"embeddable":true,"href":"https:\/\/www.caririemacao.com\/1\/wp-json\/wp\/v2\/comments?post=102424"}],"version-history":[{"count":1,"href":"https:\/\/www.caririemacao.com\/1\/wp-json\/wp\/v2\/posts\/102424\/revisions"}],"predecessor-version":[{"id":102428,"href":"https:\/\/www.caririemacao.com\/1\/wp-json\/wp\/v2\/posts\/102424\/revisions\/102428"}],"wp:featuredmedia":[{"embeddable":true,"href":"https:\/\/www.caririemacao.com\/1\/wp-json\/wp\/v2\/media\/12074"}],"wp:attachment":[{"href":"https:\/\/www.caririemacao.com\/1\/wp-json\/wp\/v2\/media?parent=102424"}],"wp:term":[{"taxonomy":"category","embeddable":true,"href":"https:\/\/www.caririemacao.com\/1\/wp-json\/wp\/v2\/categories?post=102424"},{"taxonomy":"post_tag","embeddable":true,"href":"https:\/\/www.caririemacao.com\/1\/wp-json\/wp\/v2\/tags?post=102424"}],"curies":[{"name":"wp","href":"https:\/\/api.w.org\/{rel}","templated":true}]}}