{"id":102425,"date":"2019-06-28T10:46:10","date_gmt":"2019-06-28T13:46:10","guid":{"rendered":"http:\/\/www.caririemacao.com\/1\/?p=102425"},"modified":"2019-06-28T10:46:10","modified_gmt":"2019-06-28T13:46:10","slug":"deputado-do-psl-defende-reforma-da-previdencia-e-convida-gestores-para-debate","status":"publish","type":"post","link":"https:\/\/www.caririemacao.com\/1\/2019\/06\/28\/deputado-do-psl-defende-reforma-da-previdencia-e-convida-gestores-para-debate\/","title":{"rendered":"Deputado do PSL defende Reforma da Previd\u00eancia e convida gestores para debate"},"content":{"rendered":"\n<p> Defensor da Reforma da Previd\u00eancia, que tramita no Congresso Nacional, o deputado estadual Moacir Rodrigues (PSL), convocou deputados e prefeitos a promoverem por todo a Para\u00edba um amplo debate em defesa da reforma da previd\u00eancia em n\u00edvel estadual. <\/p>\n\n\n\n<p>Segundo o deputado, o d\u00e9ficit estadual com a previd\u00eancia ultrapassam a cifra dos 1.907 bilh\u00f5es. Com esse valor, segundo ele, dava para o governo do Estado, pavimentar milhares de quil\u00f4metros de estradas, construir mais de 25 mil casas populares, v\u00e1rias escolas, creches e hospitais.<\/p>\n\n\n\n<p>\u201cTemos que debater a reforma da previd\u00eancia n\u00e3o apenas no \u00e2mbito federal, temos que debater a reforma da previd\u00eancia no \u00e2mbito dos Estados e dos Munic\u00edpios. A Para\u00edba, por exemplo, ter\u00e1 um d\u00e9ficit de 10 bilh\u00f5es em cinco anos de acordo com a&nbsp; Lei Or\u00e7ament\u00e1ria apresentada pelo governo do Estado e aprovada pela a assembleia legislativa.\u201d, justificou.<br>O parlamentar tamb\u00e9m informou que estar\u00e1 promovendo debates sobre o tema por todo o Estado, com o intuito de envolver todos os 223 munic\u00edpios na discuss\u00e3o.<\/p>\n\n\n\n<p>\u201cA situa\u00e7\u00e3o previdenci\u00e1ria dos munic\u00edpios tamb\u00e9m precisa ser discutida, chegou o momento de promover um verdadeiro debate pol\u00edtico, o d\u00e9ficit previdenci\u00e1rio est\u00e1 impedindo o crescimento &nbsp;dos Estados e dos Munic\u00edpios\u201d.<\/p>\n\n\n\n<p>O deputado defendeu a reforma da Previd\u00eancia, que tem sido uma das principais pautas do governo do presidente Jair Bolsonaro (PSL).<\/p>\n\n\n\n<p>\u2013 Pela reforma da Previd\u00eancia ou vamos para o fundo do po\u00e7o. S\u00e3o 15 estados que t\u00eam mais servidores aposentados do que na ativa. Como \u00e9 que fecha a conta? \u2013 disse.<\/p>\n\n\n\n<p>PB Agora<\/p>\n","protected":false},"excerpt":{"rendered":"<p>Defensor da Reforma da Previd\u00eancia, que tramita no Congresso Nacional, o deputado estadual Moacir Rodrigues (PSL), convocou deputados e prefeitos a promoverem por todo a&hellip; <\/p>\n","protected":false},"author":2,"featured_media":102426,"comment_status":"closed","ping_status":"closed","sticky":false,"template":"","format":"standard","meta":{"sfsi_plus_gutenberg_text_before_share":"","sfsi_plus_gutenberg_show_text_before_share":"","sfsi_plus_gutenberg_icon_type":"","sfsi_plus_gutenberg_icon_alignemt":"","sfsi_plus_gutenburg_max_per_row":"","footnotes":""},"categories":[50,11],"tags":[],"class_list":["post-102425","post","type-post","status-publish","format-standard","has-post-thumbnail","hentry","category-destaque","category-politica"],"_links":{"self":[{"href":"https:\/\/www.caririemacao.com\/1\/wp-json\/wp\/v2\/posts\/102425","targetHints":{"allow":["GET"]}}],"collection":[{"href":"https:\/\/www.caririemacao.com\/1\/wp-json\/wp\/v2\/posts"}],"about":[{"href":"https:\/\/www.caririemacao.com\/1\/wp-json\/wp\/v2\/types\/post"}],"author":[{"embeddable":true,"href":"https:\/\/www.caririemacao.com\/1\/wp-json\/wp\/v2\/users\/2"}],"replies":[{"embeddable":true,"href":"https:\/\/www.caririemacao.com\/1\/wp-json\/wp\/v2\/comments?post=102425"}],"version-history":[{"count":1,"href":"https:\/\/www.caririemacao.com\/1\/wp-json\/wp\/v2\/posts\/102425\/revisions"}],"predecessor-version":[{"id":102427,"href":"https:\/\/www.caririemacao.com\/1\/wp-json\/wp\/v2\/posts\/102425\/revisions\/102427"}],"wp:featuredmedia":[{"embeddable":true,"href":"https:\/\/www.caririemacao.com\/1\/wp-json\/wp\/v2\/media\/102426"}],"wp:attachment":[{"href":"https:\/\/www.caririemacao.com\/1\/wp-json\/wp\/v2\/media?parent=102425"}],"wp:term":[{"taxonomy":"category","embeddable":true,"href":"https:\/\/www.caririemacao.com\/1\/wp-json\/wp\/v2\/categories?post=102425"},{"taxonomy":"post_tag","embeddable":true,"href":"https:\/\/www.caririemacao.com\/1\/wp-json\/wp\/v2\/tags?post=102425"}],"curies":[{"name":"wp","href":"https:\/\/api.w.org\/{rel}","templated":true}]}}