{"id":102431,"date":"2019-06-28T12:53:25","date_gmt":"2019-06-28T15:53:25","guid":{"rendered":"http:\/\/www.caririemacao.com\/1\/?p=102431"},"modified":"2019-06-28T12:53:25","modified_gmt":"2019-06-28T15:53:25","slug":"policia-investiga-desaparecimento-de-familia-em-soledade-com-suspeito-de-estelionato-na-paraiba","status":"publish","type":"post","link":"https:\/\/www.caririemacao.com\/1\/2019\/06\/28\/policia-investiga-desaparecimento-de-familia-em-soledade-com-suspeito-de-estelionato-na-paraiba\/","title":{"rendered":"Pol\u00edcia investiga desaparecimento de fam\u00edlia em Soledade com suspeito de estelionato na Para\u00edba"},"content":{"rendered":"\n<p>A Pol\u00edcia Civil de Soledade, no Agreste da Para\u00edba, est\u00e1 investigando o desaparecimento de uma mulher e os dois filhos dela desde o dia 5 de junho deste ano, ap\u00f3s a fam\u00edlia registrar um Boletim de Ocorr\u00eancia. De acordo com o delegado Seccional de Sol\u00e2nea, Di\u00f3genes Fernandes, a mulher e os filhos est\u00e3o desaparecidos ap\u00f3s sa\u00edrem da cidade com um homem foragido da Justi\u00e7a.<\/p>\n\n\n\n<p>Conforme Di\u00f3genes Fernandes, a fam\u00edlia de Ana Cristina de Oliveira, de 34 anos, foi at\u00e9 a pol\u00edcia ap\u00f3s ela deixar de manter contato com os parentes. Segundo relato da fam\u00edlia \u00e0 pol\u00edcia, em maio deste ano a mulher levou o homem at\u00e9 a casa dos parentes e ele se apresentou como delegado da Pol\u00edcia Federal.<\/p>\n\n\n\n<p>Dias depois da mulher apresentar o homem \u00e0 fam\u00edlia, o casal foi embora da cidade com os filhos da mulher e, desde o dia 5 junho, os parentes n\u00e3o t\u00eam not\u00edcia nenhuma dela e n\u00e3o conseguem manter contato. \u201cAs informa\u00e7\u00f5es que a gente recebeu \u00e9 de que ele se apresentou \u00e0 fam\u00edlia da mulher, e levou ela e os dois filhos, um adolescente de 16 anos e uma adolescente de 14. Eles viajaram juntos com destino ignorado\u201d, informou Di\u00f3genes Fernandes.<\/p>\n\n\n\n<p>Conforme o delegado, apesar da fam\u00edlia registrar o boletim, a pol\u00edcia ainda n\u00e3o tem ind\u00edcios de que o desaparecimento seja criminoso. \u201cO desaparecimento ainda n\u00e3o est\u00e1 sendo tratado como criminoso porque, antes da fam\u00edlia perder o contato com a mulher, a pol\u00edcia fez an\u00e1lise de fotos e v\u00eddeos em redes sociais e descobriu que a mulher levou o homem e os filhos para visitar parentes dela no Rio de Janeiro, ent\u00e3o n\u00e3o h\u00e1 ainda qualquer demonstra\u00e7\u00e3o de ela e os filhos tenham sido levados for\u00e7ados\u201d.<\/p>\n\n\n\n<p>Di\u00f3genes Fernandes explicou que o desespero da m\u00e3e de Ana Cristina come\u00e7ou dias depois que ela viajou com os filhos e o homem. \u201cA m\u00e3e contou que desde o in\u00edcio desse m\u00eas eles desligaram os telefones, n\u00e3o retornam qualquer contato. Al\u00e9m disso, o desespero aumentou quando a fam\u00edlia dela descobriu tudo sobre o homem, que at\u00e9 ent\u00e3o tinha se apresentado como delegado da PF\u201d.<\/p>\n\n\n\n<p>\u201cInfelizmente, a Pol\u00edcia Civil n\u00e3o tem d\u00favidas de que o fim dessa hist\u00f3ria n\u00e3o ser\u00e1 feliz, dado ao perfil criminoso desse homem com quem a mulher foi embora com os filhos dela. Ele \u00e9 um estelionat\u00e1rio com excel\u00eancia, um criminoso procurado em diversos lugares do pa\u00eds, que usa das pessoas para p\u00f4r em pr\u00e1tica diversos crimes\u201d, afirmou o delegado.<\/p>\n\n\n\n<p><strong>Mulher sumiu com homem foragido da Justi\u00e7a<\/strong><\/p>\n\n\n\n<p>De acordo com o delegado Di\u00f3genes, o homem com quem Ana Cristina desapareceu com os filhos \u00e9 Allan J\u00fanior, de 28 anos, foragido da Justi\u00e7a. O delegado relatou que o homem, natural do Paran\u00e1, \u00e9 procurado por crimes em pelo menos 10 estados do pa\u00eds.<\/p>\n\n\n\n<p>\u201cJ\u00e1 estamos divulgando fotos da mulheres, dos filhos dela e do foragido em redes sociais e \u00e0s pol\u00edcias dos outros estados. O foco agora \u00e9 a pris\u00e3o dele, porque como o desaparecimento ainda n\u00e3o \u00e9 considerado criminoso, se prendermos ele podemos localizar essa fam\u00edlia ou entender o que de fato pode ter acontecido com ela\u201d, destacou o delegado.<\/p>\n\n\n\n<p><strong>Foragido saiu da cadeia para encontro com mulher<\/strong><\/p>\n\n\n\n<p>Ainda conforme Di\u00f3genes Fernandes, Allan J\u00fanior, que estava preso na Cadeia P\u00fablica de Sol\u00e2nea desde agosto de 2018, saiu do local no dia 17 de maio deste ano. O homem teria sido liberado para ir ao um encontro com a mulher em um motel da cidade. \u201cAs investiga\u00e7\u00f5es revelaram que quem foi buscar ele em um carro em frente \u00e0 cadeia foi a Ana Cristina, a mulher que agora est\u00e1 desaparecida com ele e os filhos\u201d.<\/p>\n\n\n\n<p>Ap\u00f3s sair da cadeia para o encontro com a mulher, Allan J\u00fanior n\u00e3o retornou. \u201cNo dia seguinte, a dire\u00e7\u00e3o da cadeia comunicou \u00e0 delegacia da cidade o desaparecimento do homem e todos os seus pertences, al\u00e9m de uma arma de fogo, uma pistola .40, pertencente ao sistema Penitenci\u00e1rio, que sumiu da cadeia\u201d, contou o delegado.<\/p>\n\n\n\n<p><em>Informa\u00e7\u00f5es G1 PB<\/em><\/p>\n","protected":false},"excerpt":{"rendered":"<p>A Pol\u00edcia Civil de Soledade, no Agreste da Para\u00edba, est\u00e1 investigando o desaparecimento de uma mulher e os dois filhos dela desde o dia 5&hellip; <\/p>\n","protected":false},"author":1,"featured_media":102433,"comment_status":"closed","ping_status":"closed","sticky":false,"template":"","format":"standard","meta":{"sfsi_plus_gutenberg_text_before_share":"","sfsi_plus_gutenberg_show_text_before_share":"","sfsi_plus_gutenberg_icon_type":"","sfsi_plus_gutenberg_icon_alignemt":"","sfsi_plus_gutenburg_max_per_row":"","footnotes":""},"categories":[12],"tags":[],"class_list":["post-102431","post","type-post","status-publish","format-standard","has-post-thumbnail","hentry","category-policia"],"_links":{"self":[{"href":"https:\/\/www.caririemacao.com\/1\/wp-json\/wp\/v2\/posts\/102431","targetHints":{"allow":["GET"]}}],"collection":[{"href":"https:\/\/www.caririemacao.com\/1\/wp-json\/wp\/v2\/posts"}],"about":[{"href":"https:\/\/www.caririemacao.com\/1\/wp-json\/wp\/v2\/types\/post"}],"author":[{"embeddable":true,"href":"https:\/\/www.caririemacao.com\/1\/wp-json\/wp\/v2\/users\/1"}],"replies":[{"embeddable":true,"href":"https:\/\/www.caririemacao.com\/1\/wp-json\/wp\/v2\/comments?post=102431"}],"version-history":[{"count":1,"href":"https:\/\/www.caririemacao.com\/1\/wp-json\/wp\/v2\/posts\/102431\/revisions"}],"predecessor-version":[{"id":102434,"href":"https:\/\/www.caririemacao.com\/1\/wp-json\/wp\/v2\/posts\/102431\/revisions\/102434"}],"wp:featuredmedia":[{"embeddable":true,"href":"https:\/\/www.caririemacao.com\/1\/wp-json\/wp\/v2\/media\/102433"}],"wp:attachment":[{"href":"https:\/\/www.caririemacao.com\/1\/wp-json\/wp\/v2\/media?parent=102431"}],"wp:term":[{"taxonomy":"category","embeddable":true,"href":"https:\/\/www.caririemacao.com\/1\/wp-json\/wp\/v2\/categories?post=102431"},{"taxonomy":"post_tag","embeddable":true,"href":"https:\/\/www.caririemacao.com\/1\/wp-json\/wp\/v2\/tags?post=102431"}],"curies":[{"name":"wp","href":"https:\/\/api.w.org\/{rel}","templated":true}]}}