{"id":102439,"date":"2019-06-28T12:55:46","date_gmt":"2019-06-28T15:55:46","guid":{"rendered":"http:\/\/www.caririemacao.com\/1\/?p=102439"},"modified":"2019-06-28T12:55:46","modified_gmt":"2019-06-28T15:55:46","slug":"governador-confirma-reuniao-para-continuar-debate-sobre-a-reforma-da-previdencia-e-buscar-consenso","status":"publish","type":"post","link":"https:\/\/www.caririemacao.com\/1\/2019\/06\/28\/governador-confirma-reuniao-para-continuar-debate-sobre-a-reforma-da-previdencia-e-buscar-consenso\/","title":{"rendered":"Governador confirma reuni\u00e3o para continuar debate sobre a reforma da previd\u00eancia e buscar consenso"},"content":{"rendered":"\n<p>O governador Jo\u00e3o Azev\u00eado anunciou nesta sexta-feira (28) que j\u00e1 est\u00e1 marcada uma nova reuni\u00e3o para a pr\u00f3xima ter\u00e7a-feira (02) entre governadores, o presidente do Senado, Davi Alcolumbre, e o presidente da C\u00e2mara, Rodrigo Maia, para continuar as negocia\u00e7\u00f5es sobre a vota\u00e7\u00e3o da reforma da previd\u00eancia. Eles estar\u00e3o reunidos em Bras\u00edlia para tentar chegar a um consenso.<\/p>\n\n\n\n<p>Jo\u00e3o Azev\u00eado explicou que os governadores tentam uma alternativa que retire os pontos controversos da proposta e, ao mesmo tempo, que tramitem propostas para gerar novas receitas para os estados no intuito de minimizar o d\u00e9ficit. Ele explicou que &#8220;essa reforma que est\u00e1 posta resolve de 10% a 15% o d\u00e9ficit dos estados. N\u00e3o resolve o d\u00e9ficit dos estados como um todo&#8221;.<\/p>\n\n\n\n<p>Ele detalhou ainda que &#8220;no Brasil hoje, a soma de todos os d\u00e9ficit estaduais chega a R$ 80 bilh\u00f5es. Na Para\u00edba, temos um d\u00e9ficit de R$ 1,2 bilh\u00e3o por ano. Ent\u00e3o n\u00f3s precisamos de novas fontes. E essas fontes podem vir de onde? A partir da cess\u00e3o onerosa, a partir do b\u00f4nus por assinatura de contrato de petr\u00f3leo, do projeto de securitiza\u00e7\u00e3o, que est\u00e1 para ser aprovado, da PEC 51, que trata da amplia\u00e7\u00e3o do valor do FPE&#8221;.<\/p>\n\n\n\n<p>Por volta de 20 dias atr\u00e1s, os governadores estiveram em reuni\u00e3o e definiram os pontos que n\u00e3o eram poss\u00edveis de concordar, segundo Jo\u00e3o Azev\u00eado. Ele enumerou que os governadores pediram a retirada das quest\u00f5es da desconstitucionaliza\u00e7\u00e3o, da capitaliza\u00e7\u00e3o, do tratamento do trabalhador rural igual ao do trabalhador urbano, e a quest\u00e3o do BPC. &#8220;E isso o relator concordou em retirar do relat\u00f3rio. Entretanto, n\u00f3s fomos surpreendidos outro dia com a sa\u00edda dos estados e munic\u00edpios da reforma&#8221;, lamentou.<\/p>\n\n\n\n<p>Ele recorda que o primeiro relat\u00f3rio apresentado n\u00e3o tinha a concord\u00e2ncia dos governadores e nem o apoio de muitos deputados para que fosse aprovado. No entanto, Jo\u00e3o Azev\u00eado assegurou que &#8220;eu tenho certeza que se n\u00f3s encontrarmos a equa\u00e7\u00e3o que retira os pontos controversos e se cria uma condi\u00e7\u00e3o para a gente reduzir esse d\u00e9ficit dos estados, se cria um ambiente para que se volte a discutir internamente e saber qual \u00e9 a posi\u00e7\u00e3o&#8221;.<\/p>\n\n\n\n<p>De acordo com o governador, o seu partido, o PSB j\u00e1 marcou uma reuni\u00e3o antes da vota\u00e7\u00e3o para discutir novamente o projeto. &#8220;A gente n\u00e3o pode fazer com que o pre\u00e7o seja pago por quem ganhe menos. Mas acho que \u00e9 poss\u00edvel sim encontrar um meio termo que interesse a estados, munic\u00edpios e Uni\u00e3o&#8221;.<\/p>\n","protected":false},"excerpt":{"rendered":"<p>O governador Jo\u00e3o Azev\u00eado anunciou nesta sexta-feira (28) que j\u00e1 est\u00e1 marcada uma nova reuni\u00e3o para a pr\u00f3xima ter\u00e7a-feira (02) entre governadores, o presidente do&hellip; <\/p>\n","protected":false},"author":1,"featured_media":102445,"comment_status":"closed","ping_status":"closed","sticky":false,"template":"","format":"standard","meta":{"sfsi_plus_gutenberg_text_before_share":"","sfsi_plus_gutenberg_show_text_before_share":"","sfsi_plus_gutenberg_icon_type":"","sfsi_plus_gutenberg_icon_alignemt":"","sfsi_plus_gutenburg_max_per_row":"","footnotes":""},"categories":[11],"tags":[],"class_list":["post-102439","post","type-post","status-publish","format-standard","has-post-thumbnail","hentry","category-politica"],"_links":{"self":[{"href":"https:\/\/www.caririemacao.com\/1\/wp-json\/wp\/v2\/posts\/102439","targetHints":{"allow":["GET"]}}],"collection":[{"href":"https:\/\/www.caririemacao.com\/1\/wp-json\/wp\/v2\/posts"}],"about":[{"href":"https:\/\/www.caririemacao.com\/1\/wp-json\/wp\/v2\/types\/post"}],"author":[{"embeddable":true,"href":"https:\/\/www.caririemacao.com\/1\/wp-json\/wp\/v2\/users\/1"}],"replies":[{"embeddable":true,"href":"https:\/\/www.caririemacao.com\/1\/wp-json\/wp\/v2\/comments?post=102439"}],"version-history":[{"count":1,"href":"https:\/\/www.caririemacao.com\/1\/wp-json\/wp\/v2\/posts\/102439\/revisions"}],"predecessor-version":[{"id":102446,"href":"https:\/\/www.caririemacao.com\/1\/wp-json\/wp\/v2\/posts\/102439\/revisions\/102446"}],"wp:featuredmedia":[{"embeddable":true,"href":"https:\/\/www.caririemacao.com\/1\/wp-json\/wp\/v2\/media\/102445"}],"wp:attachment":[{"href":"https:\/\/www.caririemacao.com\/1\/wp-json\/wp\/v2\/media?parent=102439"}],"wp:term":[{"taxonomy":"category","embeddable":true,"href":"https:\/\/www.caririemacao.com\/1\/wp-json\/wp\/v2\/categories?post=102439"},{"taxonomy":"post_tag","embeddable":true,"href":"https:\/\/www.caririemacao.com\/1\/wp-json\/wp\/v2\/tags?post=102439"}],"curies":[{"name":"wp","href":"https:\/\/api.w.org\/{rel}","templated":true}]}}