{"id":102757,"date":"2019-06-30T10:13:11","date_gmt":"2019-06-30T13:13:11","guid":{"rendered":"http:\/\/www.caririemacao.com\/1\/?p=102757"},"modified":"2019-06-30T10:13:11","modified_gmt":"2019-06-30T13:13:11","slug":"barbas-sao-ricas-em-bacterias-que-protegem-a-pele-veja-cuidados","status":"publish","type":"post","link":"https:\/\/www.caririemacao.com\/1\/2019\/06\/30\/barbas-sao-ricas-em-bacterias-que-protegem-a-pele-veja-cuidados\/","title":{"rendered":"Barbas s\u00e3o &#8216;ricas&#8217; em bact\u00e9rias que protegem a pele. Veja cuidados"},"content":{"rendered":"\n<p>A pele humana, incluindo cabelo e barba, \u00e9 a segunda parte do corpo com maior quantidade de bact\u00e9rias, perdendo apenas para o intestino, de acordo com o dermatologista Caio Lamunier, do Hospital das Cl\u00ednicas da Faculdade de Medicina da USP (HC-FMUSP). Ele explica que essas bact\u00e9rias, presentes no tecido corporal, ajudam na prote\u00e7\u00e3o da pele contra infec\u00e7\u00f5es.<\/p>\n\n\n\n<figure><iframe><\/iframe><\/figure>\n\n\n\n<p>Um estudo europeu mostrou que a barba de um homem tem mais bact\u00e9rias que o pelo de um cachorro, mas isso n\u00e3o quer dizer que a barba seja suja. &#8220;As pessoas interpretam as bact\u00e9rias de maneira errada, como se fossem sujeira. N\u00f3s vivemos cercados por bact\u00e9rias e temos cerca de 10 vezes mais delas no nosso corpo do que c\u00e9lulas. Se mat\u00e1ssemos todas as que existem no nosso corpo, morrer\u00edamos&#8221;, explica Lamunier.PUBLICIDADE<\/p>\n\n\n\n<figure><iframe><\/iframe><\/figure>\n\n\n\n<p><strong>Veja tamb\u00e9m:&nbsp;<a href=\"https:\/\/noticias.r7.com\/saude\/como-cientistas-descobriram-que-barbas-de-homens-tem-mais-germes-que-os-pelos-de-caes-24042019\" target=\"_blank\" rel=\"noreferrer noopener\">Como cientistas descobriram que barbas de homens t\u00eam mais germes que os pelos de c\u00e3es<\/a><\/strong><\/p>\n\n\n\n<figure><iframe width=\"1\" height=\"1\"><\/iframe><\/figure>\n\n\n\n<p>Essas bact\u00e9rias s\u00e3o chamadas de &#8220;bact\u00e9rias comensais&#8221;, vivendo em harmonia com outros seres e favorecendo uns aos outros. No caso dos germes que habitam a pele, elas s\u00e3o as respons\u00e1veis pela produ\u00e7\u00e3o do cheiro caracter\u00edstico de cada um e pela prote\u00e7\u00e3o contra outras bact\u00e9rias.<\/p>\n\n\n\n<figure><iframe width=\"300\" height=\"250\"><\/iframe><\/figure>\n\n\n\n<p>Lamunier afirma que s\u00e3o v\u00e1rias as fam\u00edlias de bact\u00e9rias que vivem na pele, sendo as principais as&nbsp;<em>Staphylococcus&nbsp;<\/em>e as&nbsp;<em>Streptococcus<\/em>, que s\u00e3o geralmente ben\u00e9ficas. Entretanto, alguns tipos de bact\u00e9rias podem ser patol\u00f3gicas quando h\u00e1 mudan\u00e7a de cepas e desequil\u00edbrio na flora bacteriana e, se chegarem \u00e0 corrente sangu\u00ednea, podem ocasionar doen\u00e7as, mas s\u00e3o raras. Al\u00e9m de bact\u00e9rias, as barbas podem carregar \u00e1caros, v\u00edrus e fungos, mas com menor frequ\u00eancia.&nbsp;<\/p>\n\n\n\n<p><strong>Saiba mais:&nbsp;<a href=\"https:\/\/noticias.r7.com\/saude\/entenda-o-que-e-erisipela-problema-que-levou-sheila-mello-a-internacao-04062019\" target=\"_blank\" rel=\"noreferrer noopener\">Entenda o que \u00e9 erisipela, problema que levou Sheila Mello \u00e0 interna\u00e7\u00e3o<\/a><\/strong><\/p>\n\n\n\n<p>Algumas infec\u00e7\u00f5es podem ser ocasionadas por micr\u00f3bios presentes na barba, como a micose e a dermatite seborreica, ocasionadas por fungos, e a foliculite, ocasionada por infec\u00e7\u00e3o bacteriana. J\u00e1 alergias na regi\u00e3o podem ser causadas por cremes de barbear, por exemplo, visto que n\u00e3o \u00e9 poss\u00edvel a pessoa ser al\u00e9rgica aos pr\u00f3prios pelos.<\/p>\n\n\n\n<p>&#8220;Ter uma barba pode ser considerado saud\u00e1vel porque os pelos ajudam a proteger contra os raios UV e as bact\u00e9rias protegem a pele. Os pelos do rosto funcionam como os pubianos para prote\u00e7\u00e3o da uretra. Muitas pessoas, quando se depilam, acabam tendo infec\u00e7\u00e3o urin\u00e1ria, por exemplo&#8221;, argumenta.<\/p>\n\n\n\n<p><strong>Leia tamb\u00e9m:&nbsp;<a href=\"https:\/\/noticias.r7.com\/saude\/vitiligo-e-estetico-nao-afeta-saude-me-aceito-como-sou-diz-modelo-25062019\" target=\"_blank\" rel=\"noreferrer noopener\">&#8216;Vitiligo \u00e9 est\u00e9tico, n\u00e3o afeta sa\u00fade. Me aceito como sou&#8217;, diz modelo<\/a><\/strong><\/p>\n\n\n\n<p>O m\u00e9dico afirma que a higieniza\u00e7\u00e3o di\u00e1ria da barba \u00e9 necess\u00e1ria, precisando que seja lavada pelo menos uma vez ao dia com sab\u00e3o e \u00e1gua corrente. Para homens que tenham mais oleosidade na regi\u00e3o, o dermatologista aconselha a limpeza entre duas e tr\u00eas vezes para prevenir dermatite na regi\u00e3o. Lamunier orienta que os homens busquem lavar a barba ap\u00f3s a refei\u00e7\u00e3o e as mantenham menores para facilitar a higieniza\u00e7\u00e3o.<\/p>\n","protected":false},"excerpt":{"rendered":"<p>A pele humana, incluindo cabelo e barba, \u00e9 a segunda parte do corpo com maior quantidade de bact\u00e9rias, perdendo apenas para o intestino, de acordo&hellip; <\/p>\n","protected":false},"author":1,"featured_media":63442,"comment_status":"closed","ping_status":"closed","sticky":false,"template":"","format":"standard","meta":{"sfsi_plus_gutenberg_text_before_share":"","sfsi_plus_gutenberg_show_text_before_share":"","sfsi_plus_gutenberg_icon_type":"","sfsi_plus_gutenberg_icon_alignemt":"","sfsi_plus_gutenburg_max_per_row":"","footnotes":""},"categories":[16],"tags":[],"class_list":["post-102757","post","type-post","status-publish","format-standard","has-post-thumbnail","hentry","category-saude"],"_links":{"self":[{"href":"https:\/\/www.caririemacao.com\/1\/wp-json\/wp\/v2\/posts\/102757","targetHints":{"allow":["GET"]}}],"collection":[{"href":"https:\/\/www.caririemacao.com\/1\/wp-json\/wp\/v2\/posts"}],"about":[{"href":"https:\/\/www.caririemacao.com\/1\/wp-json\/wp\/v2\/types\/post"}],"author":[{"embeddable":true,"href":"https:\/\/www.caririemacao.com\/1\/wp-json\/wp\/v2\/users\/1"}],"replies":[{"embeddable":true,"href":"https:\/\/www.caririemacao.com\/1\/wp-json\/wp\/v2\/comments?post=102757"}],"version-history":[{"count":1,"href":"https:\/\/www.caririemacao.com\/1\/wp-json\/wp\/v2\/posts\/102757\/revisions"}],"predecessor-version":[{"id":102760,"href":"https:\/\/www.caririemacao.com\/1\/wp-json\/wp\/v2\/posts\/102757\/revisions\/102760"}],"wp:featuredmedia":[{"embeddable":true,"href":"https:\/\/www.caririemacao.com\/1\/wp-json\/wp\/v2\/media\/63442"}],"wp:attachment":[{"href":"https:\/\/www.caririemacao.com\/1\/wp-json\/wp\/v2\/media?parent=102757"}],"wp:term":[{"taxonomy":"category","embeddable":true,"href":"https:\/\/www.caririemacao.com\/1\/wp-json\/wp\/v2\/categories?post=102757"},{"taxonomy":"post_tag","embeddable":true,"href":"https:\/\/www.caririemacao.com\/1\/wp-json\/wp\/v2\/tags?post=102757"}],"curies":[{"name":"wp","href":"https:\/\/api.w.org\/{rel}","templated":true}]}}