{"id":102758,"date":"2019-06-30T10:08:07","date_gmt":"2019-06-30T13:08:07","guid":{"rendered":"http:\/\/www.caririemacao.com\/1\/?p=102758"},"modified":"2019-06-30T10:08:07","modified_gmt":"2019-06-30T13:08:07","slug":"quadrilha-amantes-da-danca-de-sao-jose-dos-cordeiros-e-destaque-na-piramide-do-pp","status":"publish","type":"post","link":"https:\/\/www.caririemacao.com\/1\/2019\/06\/30\/quadrilha-amantes-da-danca-de-sao-jose-dos-cordeiros-e-destaque-na-piramide-do-pp\/","title":{"rendered":"Quadrilha Amantes da Dan\u00e7a de S\u00e3o Jos\u00e9 dos Cordeiros \u00e9 destaque na pir\u00e2mide do PP"},"content":{"rendered":"\n<p>Al\u00e9m do Palco Principal, tamb\u00e9m aconteceram apresenta\u00e7\u00f5es na Pir\u00e2mide do Parque do Povo. Uma das quadrilhas que abrilhantaram o local, foi a Junina Amantes da dan\u00e7a, de S\u00e3o Jos\u00e9 dos Cordeiros, que esse ano \u00e9 destaque no cariri paraibano. Coordenada por Gilmar Oliveira e Lena Ara\u00fajo, a Junina est\u00e1 a tr\u00eas anos nos arraiais e pela segunda vez na pir\u00e2mide.<\/p>\n\n\n\n<p>A quadrilha cont\u00e9m 45 componentes, dentre eles, veteranos e novatos na dan\u00e7a. \u201c\u00c9 o sonho de qualquer Junina estar no Parque do Povo, onde acontece O Maior S\u00e3o Jo\u00e3o do Mundo\u201d comentou a coordena\u00e7\u00e3o.<\/p>\n\n\n\n<p>Jos\u00e9 Guilherme, o noivo da Junina Amantes da Dan\u00e7a, falou de sua paix\u00e3o pela dan\u00e7a e pela quadrilha.<\/p>\n\n\n\n<p>\u201c A dan\u00e7a \u00e9 uma coisa inexplic\u00e1vel, onde tentamos passar para o p\u00fablico a nossa alegria, \u00e9 algo que vem de dentro para fora\u201d, concluiu Guilherme.<\/p>\n\n\n\n<p>A Rainha da Junina, Ana Clara, disse que se apresentar com a quadrilha \u00e9 uma sensa\u00e7\u00e3o \u00fanica.<\/p>\n\n\n\n<p>\u201cA sensa\u00e7\u00e3o de falar com o p\u00fablico e receber aplausos n\u00e3o tem explica\u00e7\u00e3o, o caminho at\u00e9 aqui n\u00e3o \u00e9 nada f\u00e1cil, mas quando vestimos a roupa e come\u00e7amos a se apresentar vale muito a pena, levar alegria para o p\u00fablico e tamb\u00e9m nos divertimos muito dan\u00e7ando.\u201d<\/p>\n\n\n\n<p>A Pir\u00e2mide do Parque do Povo, al\u00e9m da apresenta\u00e7\u00e3o das quadrilhas, contou tamb\u00e9m, \u00e9 claro, com muito forr\u00f3, que ficou por conta das atra\u00e7\u00f5es: Kiloucura, Rivaldo Viking e JP.<\/p>\n\n\n\n<p><\/p>\n\n\n\n<p>VITRINE DO CARIRI<\/p>\n","protected":false},"excerpt":{"rendered":"<p>Al\u00e9m do Palco Principal, tamb\u00e9m aconteceram apresenta\u00e7\u00f5es na Pir\u00e2mide do Parque do Povo. Uma das quadrilhas que abrilhantaram o local, foi a Junina Amantes da&hellip; <\/p>\n","protected":false},"author":2,"featured_media":21880,"comment_status":"closed","ping_status":"closed","sticky":false,"template":"","format":"standard","meta":{"sfsi_plus_gutenberg_text_before_share":"","sfsi_plus_gutenberg_show_text_before_share":"","sfsi_plus_gutenberg_icon_type":"","sfsi_plus_gutenberg_icon_alignemt":"","sfsi_plus_gutenburg_max_per_row":"","footnotes":""},"categories":[6],"tags":[],"class_list":["post-102758","post","type-post","status-publish","format-standard","has-post-thumbnail","hentry","category-cidades"],"_links":{"self":[{"href":"https:\/\/www.caririemacao.com\/1\/wp-json\/wp\/v2\/posts\/102758","targetHints":{"allow":["GET"]}}],"collection":[{"href":"https:\/\/www.caririemacao.com\/1\/wp-json\/wp\/v2\/posts"}],"about":[{"href":"https:\/\/www.caririemacao.com\/1\/wp-json\/wp\/v2\/types\/post"}],"author":[{"embeddable":true,"href":"https:\/\/www.caririemacao.com\/1\/wp-json\/wp\/v2\/users\/2"}],"replies":[{"embeddable":true,"href":"https:\/\/www.caririemacao.com\/1\/wp-json\/wp\/v2\/comments?post=102758"}],"version-history":[{"count":1,"href":"https:\/\/www.caririemacao.com\/1\/wp-json\/wp\/v2\/posts\/102758\/revisions"}],"predecessor-version":[{"id":102759,"href":"https:\/\/www.caririemacao.com\/1\/wp-json\/wp\/v2\/posts\/102758\/revisions\/102759"}],"wp:featuredmedia":[{"embeddable":true,"href":"https:\/\/www.caririemacao.com\/1\/wp-json\/wp\/v2\/media\/21880"}],"wp:attachment":[{"href":"https:\/\/www.caririemacao.com\/1\/wp-json\/wp\/v2\/media?parent=102758"}],"wp:term":[{"taxonomy":"category","embeddable":true,"href":"https:\/\/www.caririemacao.com\/1\/wp-json\/wp\/v2\/categories?post=102758"},{"taxonomy":"post_tag","embeddable":true,"href":"https:\/\/www.caririemacao.com\/1\/wp-json\/wp\/v2\/tags?post=102758"}],"curies":[{"name":"wp","href":"https:\/\/api.w.org\/{rel}","templated":true}]}}