{"id":102826,"date":"2019-07-01T07:12:31","date_gmt":"2019-07-01T10:12:31","guid":{"rendered":"http:\/\/www.caririemacao.com\/1\/?p=102826"},"modified":"2019-07-01T07:12:31","modified_gmt":"2019-07-01T10:12:31","slug":"inscricoes-para-concurso-da-ufcg-com-86-vagas-comecam-nesta-segunda-feira","status":"publish","type":"post","link":"https:\/\/www.caririemacao.com\/1\/2019\/07\/01\/inscricoes-para-concurso-da-ufcg-com-86-vagas-comecam-nesta-segunda-feira\/","title":{"rendered":"Inscri\u00e7\u00f5es para concurso da UFCG com 86 vagas come\u00e7am nesta segunda-feira"},"content":{"rendered":"\n<p>A \u00a0Universidade Federal de Campina Grande (UFCG) inscreve a partir das 15h desta segunda-feira (1\u00b0), para o concurso p\u00fablico com 86 vagas para cargos de t\u00e9cnicos administrativos. Das vagas oferecidas, 36 s\u00e3o para cargos de n\u00edvel M\u00e9dio, T\u00e9cnico e Superior.<\/p>\n\n\n\n<p><a href=\"http:\/\/www.in.gov.br\/web\/dou\/-\/edital-n-1-de-27-de-maio-de-2019-145593468\">Confira o edital<\/a><\/p>\n\n\n\n<p>As inscri\u00e7\u00f5es estar\u00e3o abertas&nbsp;at\u00e9 \u00e0s 23h59min do dia 23 de julho e ser\u00e3o realizadas exclusivamente pela internet, no&nbsp;<a href=\"http:\/\/comprov.ufcg.edu.br\/\">site da Comiss\u00e3o de Processos Vestibulares (Comprov)<\/a>, com taxas de inscri\u00e7\u00e3o nos valores de R$ 48 (classe C), R$ 61 (classe D) e R$ 104 (classe E).<\/p>\n\n\n\n<p>A aplica\u00e7\u00e3o da prova escrita objetiva est\u00e1 prevista para ser realizada no dia 15 de setembro, nas cidades de Campina Grande, Patos e Cajazeiras, das 9h \u00e0s 12h (hor\u00e1rio local).&nbsp;<\/p>\n\n\n\n<p>A divulga\u00e7\u00e3o do resultado final para os cargos sem prova pr\u00e1tica est\u00e1 marcada para o dia 22 de novembro.<\/p>\n\n\n\n<p>De 30 a 31 de novembro, ser\u00e3o realizadas as prova pr\u00e1ticas para os cargos de Tradutor e Int\u00e9rprete de Linguagem de Sinais e de Revisor de Textos Braille.<\/p>\n\n\n\n<p>Para o cargo de T\u00e9cnico em M\u00fasica-Viola, a prova pr\u00e1tica ser\u00e1 realizada em duas etapas: na primeira, o candidato dever\u00e1 gravar e enviar\/entregar, entre os dias 21 e 23 de outubro, a execu\u00e7\u00e3o da pe\u00e7a de confronto Johann Sebastian Bach &#8211; Suite N\u00ba 2 BWV 1007, I- (Prelude e Allemanda), que servir\u00e1 para a Banca Examinadora avaliar a performance do candidato. A execu\u00e7\u00e3o dever\u00e1 ser gravada com o som e a imagem do candidato.&nbsp;<\/p>\n\n\n\n<p>A segunda etapa da prova pr\u00e1tica ser\u00e1 presencial, nos dias 12 e 13 de novembro.<\/p>\n","protected":false},"excerpt":{"rendered":"<p>A \u00a0Universidade Federal de Campina Grande (UFCG) inscreve a partir das 15h desta segunda-feira (1\u00b0), para o concurso p\u00fablico com 86 vagas para cargos de&hellip; <\/p>\n","protected":false},"author":1,"featured_media":102827,"comment_status":"closed","ping_status":"closed","sticky":false,"template":"","format":"standard","meta":{"sfsi_plus_gutenberg_text_before_share":"","sfsi_plus_gutenberg_show_text_before_share":"","sfsi_plus_gutenberg_icon_type":"","sfsi_plus_gutenberg_icon_alignemt":"","sfsi_plus_gutenburg_max_per_row":"","footnotes":""},"categories":[2],"tags":[],"class_list":["post-102826","post","type-post","status-publish","format-standard","has-post-thumbnail","hentry","category-geral"],"_links":{"self":[{"href":"https:\/\/www.caririemacao.com\/1\/wp-json\/wp\/v2\/posts\/102826","targetHints":{"allow":["GET"]}}],"collection":[{"href":"https:\/\/www.caririemacao.com\/1\/wp-json\/wp\/v2\/posts"}],"about":[{"href":"https:\/\/www.caririemacao.com\/1\/wp-json\/wp\/v2\/types\/post"}],"author":[{"embeddable":true,"href":"https:\/\/www.caririemacao.com\/1\/wp-json\/wp\/v2\/users\/1"}],"replies":[{"embeddable":true,"href":"https:\/\/www.caririemacao.com\/1\/wp-json\/wp\/v2\/comments?post=102826"}],"version-history":[{"count":1,"href":"https:\/\/www.caririemacao.com\/1\/wp-json\/wp\/v2\/posts\/102826\/revisions"}],"predecessor-version":[{"id":102828,"href":"https:\/\/www.caririemacao.com\/1\/wp-json\/wp\/v2\/posts\/102826\/revisions\/102828"}],"wp:featuredmedia":[{"embeddable":true,"href":"https:\/\/www.caririemacao.com\/1\/wp-json\/wp\/v2\/media\/102827"}],"wp:attachment":[{"href":"https:\/\/www.caririemacao.com\/1\/wp-json\/wp\/v2\/media?parent=102826"}],"wp:term":[{"taxonomy":"category","embeddable":true,"href":"https:\/\/www.caririemacao.com\/1\/wp-json\/wp\/v2\/categories?post=102826"},{"taxonomy":"post_tag","embeddable":true,"href":"https:\/\/www.caririemacao.com\/1\/wp-json\/wp\/v2\/tags?post=102826"}],"curies":[{"name":"wp","href":"https:\/\/api.w.org\/{rel}","templated":true}]}}