{"id":102845,"date":"2019-07-01T07:25:10","date_gmt":"2019-07-01T10:25:10","guid":{"rendered":"http:\/\/www.caririemacao.com\/1\/?p=102845"},"modified":"2019-07-01T07:25:10","modified_gmt":"2019-07-01T10:25:10","slug":"pequenas-empresas-garantem-saldo-positivo-de-empregos-mostra-sebrae","status":"publish","type":"post","link":"https:\/\/www.caririemacao.com\/1\/2019\/07\/01\/pequenas-empresas-garantem-saldo-positivo-de-empregos-mostra-sebrae\/","title":{"rendered":"Pequenas empresas garantem saldo positivo de empregos, mostra Sebrae"},"content":{"rendered":"\n<p>O saldo positivo na gera\u00e7\u00e3o de empregos em maio s\u00f3 foi poss\u00edvel por causa do desempenho das micro e pequenas empresas. O setor foi respons\u00e1vel, no m\u00eas passado, pela cria\u00e7\u00e3o de 38 mil postos formais de trabalho (com carteira assinada) no pa\u00eds, enquanto as m\u00e9dias e grandes corpora\u00e7\u00f5es registraram saldo negativo, demitindo 7,2 mil trabalhadores, conforme levantamento do Servi\u00e7o Brasileiro de Apoio \u00e0 Micro e Pequena Empresa (Sebrae) feito com base nos n\u00fameros do Cadastro Geral de Empregados e Desempregados (Caged), do Minist\u00e9rio da Economia. No total, levando em conta a diferen\u00e7a entre contrata\u00e7\u00f5es e desligamentos, o Caged de maio fechou com saldo positivo de <a rel=\"noreferrer noopener\" href=\"http:\/\/agenciabrasil.ebc.com.br\/economia\/noticia\/2019-06\/maio-registra-abertura-de-321-mil-novas-vagas-de-emprego-no-pais\" target=\"_blank\">32,1 mil empregos<\/a>\u00a0gerados.\u00a0<\/p>\n\n\n\n<p>&#8220;Nas crises, perder gente na micro e pequena empresa \u00e9 pior do que na m\u00e9dia e, sobretudo, na grande empresa. Ent\u00e3o, os pequenos neg\u00f3cios t\u00eam essa caracter\u00edstica, eles&nbsp;contratam quando precisam e praticamente n\u00e3o dispensam. At\u00e9 porque uma dispensa numa grande empresa \u00e9 s\u00f3 mais uma, mas numa pequena empresa a demiss\u00e3o gera um&nbsp;desfalque&#8221;, afirma Carlos Melles, presidente nacional do Sebrae.<\/p>\n\n\n\n<p>Os pequenos neg\u00f3cios do setor agropecu\u00e1rio lideraram a gera\u00e7\u00e3o de vagas em maio, em fun\u00e7\u00e3o do cultivo de caf\u00e9, principalmente nos estados de Minas Gerais, do Esp\u00edrito&nbsp;Santo e de S\u00e3o Paulo, e da laranja, tamb\u00e9m no interior paulista e mineiro. O setor de servi\u00e7os, que empregou nesse per\u00edodo 16,7 mil pessoas, vem em segundo lugar no&nbsp;<em>ranking<\/em>&nbsp;de gera\u00e7\u00e3o de novas vagas. O com\u00e9rcio e a ind\u00fastria de transforma\u00e7\u00e3o registraram saldos negativos de 9,4 mil e 3,1 mil empregos, respectivamente.<\/p>\n\n\n\n<p>No acumulado dos cinco primeiros meses de 2019, os pequenos neg\u00f3cios responderam pela cria\u00e7\u00e3o de 326,6 mil novos empregos, 35 vezes mais que os empregos gerados pelas&nbsp;m\u00e9dias e grandes empresas. Por\u00e9m, esse saldo foi 9,6% inferior ao registrado pelo segmento no mesmo per\u00edodo de 2018.<\/p>\n\n\n\n<h2 class=\"wp-block-heading\">Participa\u00e7\u00e3o na economia<\/h2>\n\n\n\n<p>As micro e pequenas empresas representam, no Brasil, 99,1% do total registrado, segundo o Sebrae. S\u00e3o mais de 12 milh\u00f5es de neg\u00f3cios, dos quais 8,3&nbsp;milh\u00f5es s\u00e3o microempreendedores individuais (MEI). Os pequenos neg\u00f3cios tamb\u00e9m respondem por 52,2% dos empregos gerados pelas empresas no pa\u00eds.&nbsp;<\/p>\n\n\n\n<p>Apesar disso, o segmento ainda tem participa\u00e7\u00e3o um pouco t\u00edmida no Produto Interno Bruno (PIB, a soma de bens e servi\u00e7os produzidos) do setor empresarial, gerando 25% do total. Em pa\u00edses como o Reino Unido, a Alemanha, It\u00e1lia e Holanda, essa participa\u00e7\u00e3o na forma\u00e7\u00e3o no valor adicionado ao PIB est\u00e1 acima de 50%.<\/p>\n\n\n\n<h2 class=\"wp-block-heading\">Cr\u00e9dito<\/h2>\n\n\n\n<p>Para Carlos Melles, o desafio para aumentar a rentabilidade e o faturamento das micro e pequenas empresas passa pela amplia\u00e7\u00e3o do acesso ao cr\u00e9dito. &#8220;Esperamos que a&nbsp;Empresa Simples possa irrigar o setor com recursos, atualmente muito concentrado em poucos bancos&#8221;, afirma.&nbsp;<\/p>\n\n\n\n<p>Em abril, entrou em vigor a lei que cria a<a href=\"http:\/\/agenciabrasil.ebc.com.br\/economia\/noticia\/2019-04\/bolsonaro-sanciona-lei-de-criacao-da-empresa-simples-de-credito\" target=\"_blank\" rel=\"noreferrer noopener\">Empresa Simples de Cr\u00e9dito<\/a>&nbsp;(ESC), que passou a permitir que qualquer pessoa possa abrir uma empresa e emprestar recursos no&nbsp;mercado local para pequenos neg\u00f3cios. O&nbsp;governo estima que a cria\u00e7\u00e3o da ESC pode injetar R$ 20 bilh\u00f5es por ano em novos recursos para as micro e pequenas empresas no Brasil. Isso representa crescimento de&nbsp;10% no mercado de concess\u00e3o de cr\u00e9dito para as micro e pequenas empresas que, em 2018, alcan\u00e7ou o montante de R$ 208 bilh\u00f5es.<\/p>\n\n\n\n<h2 class=\"wp-block-heading\">Exporta\u00e7\u00e3o<\/h2>\n\n\n\n<p>O Sebrae tamb\u00e9m quer reverter a baixa participa\u00e7\u00e3o das micro e pequenas empresas brasileiras na exporta\u00e7\u00e3o. &#8220;No mundo todo, os pequenos neg\u00f3cios s\u00e3o muito atuantes nas&nbsp;exporta\u00e7\u00f5es, superiores a 40% do total em pa\u00edses como a Alemanha, Fran\u00e7a e Portugal e at\u00e9 mais de 50% do total de exporta\u00e7\u00f5es na It\u00e1lia, Espanha e no Reino Unido. No&nbsp;Brasil, os pequenos neg\u00f3cios s\u00f3 respondem por 4,2% das exporta\u00e7\u00f5es. Precisamos aumentar a produtividade dos pequenos neg\u00f3cios para ampliar a competitividade desse&nbsp;setor&#8221;, afirma Melles.&nbsp;&nbsp;<\/p>\n","protected":false},"excerpt":{"rendered":"<p>O saldo positivo na gera\u00e7\u00e3o de empregos em maio s\u00f3 foi poss\u00edvel por causa do desempenho das micro e pequenas empresas. O setor foi respons\u00e1vel,&hellip; <\/p>\n","protected":false},"author":1,"featured_media":102846,"comment_status":"closed","ping_status":"closed","sticky":false,"template":"","format":"standard","meta":{"sfsi_plus_gutenberg_text_before_share":"","sfsi_plus_gutenberg_show_text_before_share":"","sfsi_plus_gutenberg_icon_type":"","sfsi_plus_gutenberg_icon_alignemt":"","sfsi_plus_gutenburg_max_per_row":"","footnotes":""},"categories":[2],"tags":[],"class_list":["post-102845","post","type-post","status-publish","format-standard","has-post-thumbnail","hentry","category-geral"],"_links":{"self":[{"href":"https:\/\/www.caririemacao.com\/1\/wp-json\/wp\/v2\/posts\/102845","targetHints":{"allow":["GET"]}}],"collection":[{"href":"https:\/\/www.caririemacao.com\/1\/wp-json\/wp\/v2\/posts"}],"about":[{"href":"https:\/\/www.caririemacao.com\/1\/wp-json\/wp\/v2\/types\/post"}],"author":[{"embeddable":true,"href":"https:\/\/www.caririemacao.com\/1\/wp-json\/wp\/v2\/users\/1"}],"replies":[{"embeddable":true,"href":"https:\/\/www.caririemacao.com\/1\/wp-json\/wp\/v2\/comments?post=102845"}],"version-history":[{"count":1,"href":"https:\/\/www.caririemacao.com\/1\/wp-json\/wp\/v2\/posts\/102845\/revisions"}],"predecessor-version":[{"id":102847,"href":"https:\/\/www.caririemacao.com\/1\/wp-json\/wp\/v2\/posts\/102845\/revisions\/102847"}],"wp:featuredmedia":[{"embeddable":true,"href":"https:\/\/www.caririemacao.com\/1\/wp-json\/wp\/v2\/media\/102846"}],"wp:attachment":[{"href":"https:\/\/www.caririemacao.com\/1\/wp-json\/wp\/v2\/media?parent=102845"}],"wp:term":[{"taxonomy":"category","embeddable":true,"href":"https:\/\/www.caririemacao.com\/1\/wp-json\/wp\/v2\/categories?post=102845"},{"taxonomy":"post_tag","embeddable":true,"href":"https:\/\/www.caririemacao.com\/1\/wp-json\/wp\/v2\/tags?post=102845"}],"curies":[{"name":"wp","href":"https:\/\/api.w.org\/{rel}","templated":true}]}}