{"id":102858,"date":"2019-07-01T07:50:39","date_gmt":"2019-07-01T10:50:39","guid":{"rendered":"http:\/\/www.caririemacao.com\/1\/?p=102858"},"modified":"2019-07-01T07:50:39","modified_gmt":"2019-07-01T10:50:39","slug":"bolsonaro-volta-ao-brasil-e-afirma-que-atingiu-todos-os-objetivos-na-reuniao-do-g20","status":"publish","type":"post","link":"https:\/\/www.caririemacao.com\/1\/2019\/07\/01\/bolsonaro-volta-ao-brasil-e-afirma-que-atingiu-todos-os-objetivos-na-reuniao-do-g20\/","title":{"rendered":"Bolsonaro volta ao Brasil e afirma que atingiu todos os objetivos na reuni\u00e3o do G20"},"content":{"rendered":"\n<p>Bolsonaro falou com jornalistas na chegada ao Pal\u00e1cio da Alvorada, em Bras\u00edlia<br><\/p>\n\n\n\n<p>Ao chegar de viagem ao Jap\u00e3o na manh\u00e3 deste domingo (30), o presidente Jair Bolsonaro avaliou que teve sua &#8220;miss\u00e3o cumprida&#8221; na reuni\u00e3o de c\u00fapula do G20.<\/p>\n\n\n\n<p>Participaram do encontro, realizado na cidade de Osaka no fim da semana passada, os chefes de Estado das 20 maiores economias do mundo.<\/p>\n\n\n\n<p>&#8220;Miss\u00e3o cumprida, atendi todos os objetivos&#8221;, afirmou Bolsonaro na entrada da resid\u00eancia oficial do Pal\u00e1cio da Alvorada.<\/p>\n\n\n\n<p>Ele lembrou tamb\u00e9m que, durante o G20, foi anunciado o acordo comercial entre Uni\u00e3o Europeia e Mercosul, negociado havia 20 anos.<\/p>\n\n\n\n<p>O presidente disse que espera que o Congresso brasileiro seja um dos primeiros a ratificar os termos do acordo comercial, que deve aumentar os investimentos no pa\u00eds e o volume de exporta\u00e7\u00f5es.<\/p>\n\n\n\n<p>&#8220;No meio do caminho, no meio do evento, houve a concretiza\u00e7\u00e3o do Mercosul. As informa\u00e7\u00f5es que eu tenho foram as melhores poss\u00edveis. Entram em vigor [as medidas do acordo] daqui uns dois anos, depende dos parlamentos. Vamos ver se o nosso aqui, talvez, seja um dos primeiros a aprovar. A gente espera&#8221;, comentou o presidente.<\/p>\n\n\n\n<p>Preserva\u00e7\u00e3o ambiental<\/p>\n\n\n\n<p>Entre as principais reuni\u00f5es de Bolsonaro no G20 estiveram os encontros com o presidente da Fran\u00e7a, Emmanuel Macron, e a com a chanceler alem\u00e3, Angela Merkel. Os dois chefes de Estado europeus haviam, \u00e0s v\u00e9speras do G20, criticado a pol\u00edtica de preserva\u00e7\u00e3o ambiental do governo brasileiro.<\/p>\n\n\n\n<p>Logo que desembarcou no Jap\u00e3o, o presidente brasileiro declarou que a Alemanha teria muito a aprender com o Brasil na preserva\u00e7\u00e3o ambiental e que n\u00e3o iria admitir ser advertido por outros pa\u00edses.<\/p>\n\n\n\n<p>Durante a c\u00fapula, ele relatou ainda que, em um encontro r\u00e1pido com a chanceler alem\u00e3, disse a ela que o Brasil \u00e9 alvo de uma &#8220;psicose ambientalista&#8221;.<\/p>\n\n\n\n<p>A quest\u00e3o ambiental tamb\u00e9m foi alvo de preocupa\u00e7\u00e3o do presidente franc\u00eas. No encontro com Macron, Bolsonaro sinalizou que o Brasil vai continuar no Acordo do Clima de Paris, que estabelece metas de redu\u00e7\u00e3o da emiss\u00e3o de gases estufa.<\/p>\n\n\n\n<p>Bolsonaro mencionou durante a campanha eleitoral que poderia tirar o Brasil do acordo, mas depois voltou atr\u00e1s.<\/p>\n\n\n\n<p>A garantia dada por Bolsonaro foi considerada por Macron um dos pontos-chave para a celebra\u00e7\u00e3o do acordo comercial entre Uni\u00e3o Europeia e o Mercosul.<\/p>\n\n\n\n<p>Bolsonaro contou que teve com o presidente franc\u00eas uma conversa parecida com a que teve com Merkel.<\/p>\n\n\n\n<p>&#8220;Eu convidei [Macron] para conhecer a regi\u00e3o amaz\u00f4nica. Falei para ele [de fazermos] uma viagem de Boa Vista a Manaus. \u00c9 pouco mais de duas horas. A gente poderia at\u00e9 voar a uma altura mais baixa, demoraria mais tempo, em um avi\u00e3o da For\u00e7a A\u00e9rea, para ele ver que n\u00e3o existe o desmatamento t\u00e3o propalado&#8221;, afirmou Bolsonaro.<\/p>\n\n\n\n<p>Economia<\/p>\n\n\n\n<p>No encontro com Donald Trump, Bolsonaro discutiu a possibilidade da aplica\u00e7\u00e3o de mais san\u00e7\u00f5es econ\u00f4micas para a Venezuela e para Cuba. O presidente do Brasil defendeu embargos aos parceiros da Venezuela.<\/p>\n\n\n\n<p>Havia ainda a previs\u00e3o de que Bolsonaro tivesse uma reuni\u00e3o bilateral com o presidente da China, Xi Jinping, mas que, por incompatibilidade de agendas, acabou cancelada.<\/p>\n\n\n\n<p>Agenda<\/p>\n\n\n\n<p>Nesta segunda-feira (1\u00ba), Bolsonaro tem reuni\u00f5es previstas com Jorge de Oliveira, ministro da Secretaria-Geral da Presid\u00eancia; Andr\u00e9 Luiz de Almeida, advogado-geral da Uni\u00e3o; e com os ministros Paulo Guedes (Economia) e Abraham Weintraub (Educa\u00e7\u00e3o).<\/p>\n\n\n\n<p>O presidente da Rep\u00fablica j\u00e1 afirmou esperar que a comiss\u00e3o especial da C\u00e2mara que analisa a reforma da Previd\u00eancia vote nesta semana o relat\u00f3rio de Samuel Moreira (PSDB-SP), favor\u00e1vel a mudan\u00e7as nas regras de aposentadoria.<\/p>\n","protected":false},"excerpt":{"rendered":"<p>Bolsonaro falou com jornalistas na chegada ao Pal\u00e1cio da Alvorada, em Bras\u00edlia Ao chegar de viagem ao Jap\u00e3o na manh\u00e3 deste domingo (30), o presidente&hellip; <\/p>\n","protected":false},"author":1,"featured_media":102859,"comment_status":"closed","ping_status":"closed","sticky":false,"template":"","format":"standard","meta":{"sfsi_plus_gutenberg_text_before_share":"","sfsi_plus_gutenberg_show_text_before_share":"","sfsi_plus_gutenberg_icon_type":"","sfsi_plus_gutenberg_icon_alignemt":"","sfsi_plus_gutenburg_max_per_row":"","footnotes":""},"categories":[11],"tags":[],"class_list":["post-102858","post","type-post","status-publish","format-standard","has-post-thumbnail","hentry","category-politica"],"_links":{"self":[{"href":"https:\/\/www.caririemacao.com\/1\/wp-json\/wp\/v2\/posts\/102858","targetHints":{"allow":["GET"]}}],"collection":[{"href":"https:\/\/www.caririemacao.com\/1\/wp-json\/wp\/v2\/posts"}],"about":[{"href":"https:\/\/www.caririemacao.com\/1\/wp-json\/wp\/v2\/types\/post"}],"author":[{"embeddable":true,"href":"https:\/\/www.caririemacao.com\/1\/wp-json\/wp\/v2\/users\/1"}],"replies":[{"embeddable":true,"href":"https:\/\/www.caririemacao.com\/1\/wp-json\/wp\/v2\/comments?post=102858"}],"version-history":[{"count":1,"href":"https:\/\/www.caririemacao.com\/1\/wp-json\/wp\/v2\/posts\/102858\/revisions"}],"predecessor-version":[{"id":102860,"href":"https:\/\/www.caririemacao.com\/1\/wp-json\/wp\/v2\/posts\/102858\/revisions\/102860"}],"wp:featuredmedia":[{"embeddable":true,"href":"https:\/\/www.caririemacao.com\/1\/wp-json\/wp\/v2\/media\/102859"}],"wp:attachment":[{"href":"https:\/\/www.caririemacao.com\/1\/wp-json\/wp\/v2\/media?parent=102858"}],"wp:term":[{"taxonomy":"category","embeddable":true,"href":"https:\/\/www.caririemacao.com\/1\/wp-json\/wp\/v2\/categories?post=102858"},{"taxonomy":"post_tag","embeddable":true,"href":"https:\/\/www.caririemacao.com\/1\/wp-json\/wp\/v2\/tags?post=102858"}],"curies":[{"name":"wp","href":"https:\/\/api.w.org\/{rel}","templated":true}]}}