{"id":102863,"date":"2019-07-01T08:00:49","date_gmt":"2019-07-01T11:00:49","guid":{"rendered":"http:\/\/www.caririemacao.com\/1\/?p=102863"},"modified":"2019-07-01T08:00:49","modified_gmt":"2019-07-01T11:00:49","slug":"previsao-do-tempo-para-esta-segunda-feira-em-toda-paraiba-15","status":"publish","type":"post","link":"https:\/\/www.caririemacao.com\/1\/2019\/07\/01\/previsao-do-tempo-para-esta-segunda-feira-em-toda-paraiba-15\/","title":{"rendered":"Previs\u00e3o do tempo para esta segunda-feira em toda Para\u00edba"},"content":{"rendered":"\n<p>Na segunda-feira, o sol aparece entre nuvens sobre boa parte do estado da Para\u00edba. Apenas entre o Litoral e Agreste, mant\u00e9m-se a condi\u00e7\u00e3o de nebulosidade vari\u00e1vel com ocorr\u00eancia de chuvas esparsas.<\/p>\n\n\n\n<div class=\"wp-block-image\"><figure class=\"aligncenter\"><img decoding=\"async\" data-src=\"https:\/\/paraibaonline.com.br\/wp-content\/uploads\/2019\/07\/tempo0107.jpg\" alt=\"\" class=\"wp-image-748503 lazyload\" src=\"data:image\/svg+xml;base64,PHN2ZyB3aWR0aD0iMSIgaGVpZ2h0PSIxIiB4bWxucz0iaHR0cDovL3d3dy53My5vcmcvMjAwMC9zdmciPjwvc3ZnPg==\" \/><\/figure><\/div>\n","protected":false},"excerpt":{"rendered":"<p>Na segunda-feira, o sol aparece entre nuvens sobre boa parte do estado da Para\u00edba. Apenas entre o Litoral e Agreste, mant\u00e9m-se a condi\u00e7\u00e3o de nebulosidade&hellip; <\/p>\n","protected":false},"author":1,"featured_media":102864,"comment_status":"closed","ping_status":"closed","sticky":false,"template":"","format":"standard","meta":{"sfsi_plus_gutenberg_text_before_share":"","sfsi_plus_gutenberg_show_text_before_share":"","sfsi_plus_gutenberg_icon_type":"","sfsi_plus_gutenberg_icon_alignemt":"","sfsi_plus_gutenburg_max_per_row":"","footnotes":""},"categories":[6],"tags":[],"class_list":["post-102863","post","type-post","status-publish","format-standard","has-post-thumbnail","hentry","category-cidades"],"_links":{"self":[{"href":"https:\/\/www.caririemacao.com\/1\/wp-json\/wp\/v2\/posts\/102863","targetHints":{"allow":["GET"]}}],"collection":[{"href":"https:\/\/www.caririemacao.com\/1\/wp-json\/wp\/v2\/posts"}],"about":[{"href":"https:\/\/www.caririemacao.com\/1\/wp-json\/wp\/v2\/types\/post"}],"author":[{"embeddable":true,"href":"https:\/\/www.caririemacao.com\/1\/wp-json\/wp\/v2\/users\/1"}],"replies":[{"embeddable":true,"href":"https:\/\/www.caririemacao.com\/1\/wp-json\/wp\/v2\/comments?post=102863"}],"version-history":[{"count":1,"href":"https:\/\/www.caririemacao.com\/1\/wp-json\/wp\/v2\/posts\/102863\/revisions"}],"predecessor-version":[{"id":102865,"href":"https:\/\/www.caririemacao.com\/1\/wp-json\/wp\/v2\/posts\/102863\/revisions\/102865"}],"wp:featuredmedia":[{"embeddable":true,"href":"https:\/\/www.caririemacao.com\/1\/wp-json\/wp\/v2\/media\/102864"}],"wp:attachment":[{"href":"https:\/\/www.caririemacao.com\/1\/wp-json\/wp\/v2\/media?parent=102863"}],"wp:term":[{"taxonomy":"category","embeddable":true,"href":"https:\/\/www.caririemacao.com\/1\/wp-json\/wp\/v2\/categories?post=102863"},{"taxonomy":"post_tag","embeddable":true,"href":"https:\/\/www.caririemacao.com\/1\/wp-json\/wp\/v2\/tags?post=102863"}],"curies":[{"name":"wp","href":"https:\/\/api.w.org\/{rel}","templated":true}]}}