{"id":102872,"date":"2019-07-01T08:31:53","date_gmt":"2019-07-01T11:31:53","guid":{"rendered":"http:\/\/www.caririemacao.com\/1\/?p=102872"},"modified":"2019-07-01T08:31:53","modified_gmt":"2019-07-01T11:31:53","slug":"destrocos-de-aviao-que-caiu-com-cantor-gd-e-vendida-a-deposito-de-reciclagem","status":"publish","type":"post","link":"https:\/\/www.caririemacao.com\/1\/2019\/07\/01\/destrocos-de-aviao-que-caiu-com-cantor-gd-e-vendida-a-deposito-de-reciclagem\/","title":{"rendered":"Destro\u00e7os de avi\u00e3o que caiu com cantor GD \u00e9 vendida a dep\u00f3sito de reciclagem"},"content":{"rendered":"\n<p>A\u00a0fuselagem do avi\u00e3o que caiu com o cantor Gabriel Diniz e mais dois pilotos, no Litoral Sul de Sergipe, h\u00e1 um m\u00eas, est\u00e3o sendo vendidos a um ferro velho.<\/p>\n\n\n\n<p>Os destro\u00e7os estavam em um hangar do aeroclube de Sergipe e ap\u00f3s libera\u00e7\u00e3o do Servi\u00e7o Regional de Investiga\u00e7\u00e3o e Preven\u00e7\u00e3o de Acidentes Aeron\u00e1uticos (Seripa), representantes do aeroclube de Alagoas venderam os destro\u00e7os a um dep\u00f3sito de reciclagem.<\/p>\n\n\n\n<p>Apenas o motor e as tr\u00eas rodas que formam o trem de pouso foram levados para Macei\u00f3.<\/p>\n\n\n\n<p>O Seripa liberou a venda dos destro\u00e7os depois de encerrar a per\u00edcia na aeronave. Ainda n\u00e3o h\u00e1 prazo para a apresenta\u00e7\u00e3o do laudo da causa do acidente.<\/p>\n","protected":false},"excerpt":{"rendered":"<p>A\u00a0fuselagem do avi\u00e3o que caiu com o cantor Gabriel Diniz e mais dois pilotos, no Litoral Sul de Sergipe, h\u00e1 um m\u00eas, est\u00e3o sendo vendidos&hellip; <\/p>\n","protected":false},"author":1,"featured_media":102145,"comment_status":"closed","ping_status":"closed","sticky":false,"template":"","format":"standard","meta":{"sfsi_plus_gutenberg_text_before_share":"","sfsi_plus_gutenberg_show_text_before_share":"","sfsi_plus_gutenberg_icon_type":"","sfsi_plus_gutenberg_icon_alignemt":"","sfsi_plus_gutenburg_max_per_row":"","footnotes":""},"categories":[2],"tags":[],"class_list":["post-102872","post","type-post","status-publish","format-standard","has-post-thumbnail","hentry","category-geral"],"_links":{"self":[{"href":"https:\/\/www.caririemacao.com\/1\/wp-json\/wp\/v2\/posts\/102872","targetHints":{"allow":["GET"]}}],"collection":[{"href":"https:\/\/www.caririemacao.com\/1\/wp-json\/wp\/v2\/posts"}],"about":[{"href":"https:\/\/www.caririemacao.com\/1\/wp-json\/wp\/v2\/types\/post"}],"author":[{"embeddable":true,"href":"https:\/\/www.caririemacao.com\/1\/wp-json\/wp\/v2\/users\/1"}],"replies":[{"embeddable":true,"href":"https:\/\/www.caririemacao.com\/1\/wp-json\/wp\/v2\/comments?post=102872"}],"version-history":[{"count":1,"href":"https:\/\/www.caririemacao.com\/1\/wp-json\/wp\/v2\/posts\/102872\/revisions"}],"predecessor-version":[{"id":102873,"href":"https:\/\/www.caririemacao.com\/1\/wp-json\/wp\/v2\/posts\/102872\/revisions\/102873"}],"wp:featuredmedia":[{"embeddable":true,"href":"https:\/\/www.caririemacao.com\/1\/wp-json\/wp\/v2\/media\/102145"}],"wp:attachment":[{"href":"https:\/\/www.caririemacao.com\/1\/wp-json\/wp\/v2\/media?parent=102872"}],"wp:term":[{"taxonomy":"category","embeddable":true,"href":"https:\/\/www.caririemacao.com\/1\/wp-json\/wp\/v2\/categories?post=102872"},{"taxonomy":"post_tag","embeddable":true,"href":"https:\/\/www.caririemacao.com\/1\/wp-json\/wp\/v2\/tags?post=102872"}],"curies":[{"name":"wp","href":"https:\/\/api.w.org\/{rel}","templated":true}]}}