{"id":102886,"date":"2019-07-01T09:31:30","date_gmt":"2019-07-01T12:31:30","guid":{"rendered":"http:\/\/www.caririemacao.com\/1\/?p=102886"},"modified":"2019-07-01T09:31:30","modified_gmt":"2019-07-01T12:31:30","slug":"mercado-reduz-estimativa-de-crescimento-da-economia-para-085","status":"publish","type":"post","link":"https:\/\/www.caririemacao.com\/1\/2019\/07\/01\/mercado-reduz-estimativa-de-crescimento-da-economia-para-085\/","title":{"rendered":"Mercado reduz estimativa de crescimento da economia para 0,85%"},"content":{"rendered":"\n<p>A estimativa do mercado financeiro para o crescimento da economia este ano continua em queda. De acordo com o boletim Focus, pesquisa semanal do Banco Central com institui\u00e7\u00f5es financeiras, a proje\u00e7\u00e3o para a expans\u00e3o do Produto Interno Bruto (PIB) \u2013 a soma de todos os bens e servi\u00e7os produzidos no pa\u00eds &#8211; desta vez foi reduzida de 0,87% para 0,85%. Essa foi a 18\u00aa redu\u00e7\u00e3o consecutiva.<\/p>\n\n\n\n<p>Para 2020, a expectativa \u00e9 que a economia tenha crescimento maior, de 2,20%, a mesma da semana passada. A previs\u00e3o para 2021 e 2022 permanece em 2,50%.<\/p>\n\n\n\n<h2 class=\"wp-block-heading\">Infla\u00e7\u00e3o<\/h2>\n\n\n\n<p>A estimativa de infla\u00e7\u00e3o, calculada pelo \u00cdndice Nacional de Pre\u00e7os ao Consumidor Amplo (IPCA), caiu de 3,82% para 3,80% este ano, na quinta redu\u00e7\u00e3o seguida. A meta de infla\u00e7\u00e3o de 2019, definida pelo Conselho Monet\u00e1rio Nacional (CMN), \u00e9 de 4,25%, com intervalo de toler\u00e2ncia entre 2,75% e 5,75%.<\/p>\n\n\n\n<p>A proje\u00e7\u00e3o do mercado financeiro para a infla\u00e7\u00e3o em 2020 caiu de 3,95% para 3,91%. A meta para o pr\u00f3ximo ano \u00e9 de 4%, com intervalo de toler\u00e2ncia de 1,5 ponto percentual para cima ou para baixo.<\/p>\n\n\n\n<p>Para 2021, o centro da meta de infla\u00e7\u00e3o \u00e9 3,75% e para 2022, 3,5%, tamb\u00e9m com intervalos de toler\u00e2ncia de 1,5 ponto percentual. A previs\u00e3o do mercado financeiro para a infla\u00e7\u00e3o em 2021 e 2022 permanece em 3,75%.<\/p>\n\n\n\n<h2 class=\"wp-block-heading\">Taxa b\u00e1sica de juros<\/h2>\n\n\n\n<p>Para alcan\u00e7ar a meta de infla\u00e7\u00e3o, o Banco Central usa como principal instrumento a taxa b\u00e1sica de juros, a Selic, mantida em 6,5% ao ano pelo Comit\u00ea de Pol\u00edtica Monet\u00e1ria (Copom).<\/p>\n\n\n\n<p>Ao final de 2019, as institui\u00e7\u00f5es financeiras esperam que a Selic esteja em 5,50% ao ano. Na semana passada, a proje\u00e7\u00e3o era de 5,75% ao ano. Para o fim de 2020, a expectativa \u00e9 que a taxa b\u00e1sica baixe para 6% ao ano e, no fim de 2021 e 2022, chegue a 7,5% ao ano.<\/p>\n\n\n\n<p>Quando o Copom reduz a Selic, a tend\u00eancia \u00e9 que o cr\u00e9dito fique mais barato, com incentivo \u00e0 produ\u00e7\u00e3o e ao consumo, reduzindo o controle da infla\u00e7\u00e3o e estimulando a atividade econ\u00f4mica. Quando o comit\u00ea aumenta a Selic, a finalidade \u00e9 conter a demanda aquecida, e isso causa reflexos nos pre\u00e7os porque os juros mais altos encarecem o cr\u00e9dito e estimulam a poupan\u00e7a.<\/p>\n\n\n\n<p>A manuten\u00e7\u00e3o da Selic indica que o Copom considera as altera\u00e7\u00f5es anteriores suficientes para chegar \u00e0 meta de infla\u00e7\u00e3o.<\/p>\n","protected":false},"excerpt":{"rendered":"<p>A estimativa do mercado financeiro para o crescimento da economia este ano continua em queda. De acordo com o boletim Focus, pesquisa semanal do Banco&hellip; <\/p>\n","protected":false},"author":1,"featured_media":102887,"comment_status":"closed","ping_status":"closed","sticky":false,"template":"","format":"standard","meta":{"sfsi_plus_gutenberg_text_before_share":"","sfsi_plus_gutenberg_show_text_before_share":"","sfsi_plus_gutenberg_icon_type":"","sfsi_plus_gutenberg_icon_alignemt":"","sfsi_plus_gutenburg_max_per_row":"","footnotes":""},"categories":[2],"tags":[],"class_list":["post-102886","post","type-post","status-publish","format-standard","has-post-thumbnail","hentry","category-geral"],"_links":{"self":[{"href":"https:\/\/www.caririemacao.com\/1\/wp-json\/wp\/v2\/posts\/102886","targetHints":{"allow":["GET"]}}],"collection":[{"href":"https:\/\/www.caririemacao.com\/1\/wp-json\/wp\/v2\/posts"}],"about":[{"href":"https:\/\/www.caririemacao.com\/1\/wp-json\/wp\/v2\/types\/post"}],"author":[{"embeddable":true,"href":"https:\/\/www.caririemacao.com\/1\/wp-json\/wp\/v2\/users\/1"}],"replies":[{"embeddable":true,"href":"https:\/\/www.caririemacao.com\/1\/wp-json\/wp\/v2\/comments?post=102886"}],"version-history":[{"count":1,"href":"https:\/\/www.caririemacao.com\/1\/wp-json\/wp\/v2\/posts\/102886\/revisions"}],"predecessor-version":[{"id":102888,"href":"https:\/\/www.caririemacao.com\/1\/wp-json\/wp\/v2\/posts\/102886\/revisions\/102888"}],"wp:featuredmedia":[{"embeddable":true,"href":"https:\/\/www.caririemacao.com\/1\/wp-json\/wp\/v2\/media\/102887"}],"wp:attachment":[{"href":"https:\/\/www.caririemacao.com\/1\/wp-json\/wp\/v2\/media?parent=102886"}],"wp:term":[{"taxonomy":"category","embeddable":true,"href":"https:\/\/www.caririemacao.com\/1\/wp-json\/wp\/v2\/categories?post=102886"},{"taxonomy":"post_tag","embeddable":true,"href":"https:\/\/www.caririemacao.com\/1\/wp-json\/wp\/v2\/tags?post=102886"}],"curies":[{"name":"wp","href":"https:\/\/api.w.org\/{rel}","templated":true}]}}