{"id":102891,"date":"2019-07-01T09:43:38","date_gmt":"2019-07-01T12:43:38","guid":{"rendered":"http:\/\/www.caririemacao.com\/1\/?p=102891"},"modified":"2019-07-01T09:43:38","modified_gmt":"2019-07-01T12:43:38","slug":"delegada-do-caso-neymar-decide-hoje-se-encerra-investigacao","status":"publish","type":"post","link":"https:\/\/www.caririemacao.com\/1\/2019\/07\/01\/delegada-do-caso-neymar-decide-hoje-se-encerra-investigacao\/","title":{"rendered":"Delegada do caso Neymar decide hoje se encerra investiga\u00e7\u00e3o"},"content":{"rendered":"\n<p>Nesta segunda-feira (1\u00ba), termina o prazo para a conclus\u00e3o do inqu\u00e9rito que investiga a&nbsp;<strong><a href=\"https:\/\/esportes.r7.com\/prisma\/cosme-rimoli\/policia-francesa-tem-as-imagens-de-neymar-e-najila-no-hotel-em-paris-20062019\">acusa\u00e7\u00e3o de estupro da modelo Najila Trindade<\/a>&nbsp;<\/strong>contra o atacante Neymar.<\/p>\n\n\n\n<p>A delegada Juliana Lopes Bussacos, respons\u00e1vel pela investiga\u00e7\u00e3o, da 6\u00aa DDM (Delegacia de Defesa da Mulher), com base na investiga\u00e7\u00e3o, pode solicitar um tempo maior de apura\u00e7\u00e3o ou encerrar o inqu\u00e9rito.<\/p>\n\n\n\n<p><strong>Leia mais:&nbsp;<a href=\"https:\/\/esportes.r7.com\/fora-de-jogo\/najila-trindade-deixa-apartamento-e-se-mudara-de-sao-paulo-24062019\">Najila Trindade deixa apartamento e se mudar\u00e1 de S\u00e3o Paulo<\/a><\/strong><\/p>\n\n\n\n<figure><iframe width=\"1\" height=\"1\"><\/iframe><\/figure>\n\n\n\n<figure><iframe><\/iframe><\/figure>\n\n\n\n<p>Caso o inqu\u00e9rito seja encerrado, ser\u00e1 encaminhado para o Minist\u00e9rio P\u00fablico de S\u00e3o Paulo, que pode denunciar (acusa\u00e7\u00e3o formal contra Neymar), pedir o arquivamento ou solicitar novas dilig\u00eancias. A promotoria tem 15 dias para decidir. Caso n\u00e3o haja a den\u00fancia, Najila poder\u00e1 pedir a reabertura, se apresentar provas.<\/p>\n\n\n\n<figure><iframe width=\"360\" height=\"300\"><\/iframe><\/figure>\n\n\n\n<p>As imagens que comprovariam as agress\u00f5es relatadas por Najila, que teriam ocorrido no \u00faltimo dia 13 de maio, em Paris, n\u00e3o apareceram at\u00e9 o momento. A modelo divulgou, na noite do dia 5 de junho, um v\u00eddeo de cerca de 1 minuto em que n\u00e3o fica comprovada a agress\u00e3o de Neymar.<\/p>\n\n\n\n<p>As cenas mostram a mo\u00e7a agredindo o jogador em um quarto do hotel Sofitel Arc De Triomphe, supostamente inconformada com a postura do mesmo em rela\u00e7\u00e3o a ela. Ela ressaltou, por\u00e9m, que possu\u00eda um v\u00eddeo mais completo, com 7 minutos, que comprovaria as acusa\u00e7\u00f5es.<\/p>\n\n\n\n<p>Inicialmente, Najila afirmou que as imagens estariam em seu tablet, que teria sido roubado em suposto arrombamento de seu apartamento em S\u00e3o Paulo, n\u00e3o comprovado pela pol\u00edcia.<\/p>\n\n\n\n<p>Ap\u00f3s a Justi\u00e7a determinar, no dia 17 de junho, que ela apresentasse o seu celular, onde tamb\u00e9m estariam as imagens, ela afirmou que havia perdido o aparelho. O novo advogado de Najila, Cosme Ara\u00fajo, argumentou que o aparelho sumiu ap\u00f3s o primeiro depoimento da modelo.<\/p>\n\n\n\n<p>Segundo a promotora do Minist\u00e9rio P\u00fablico, Flavia Merlin, Najila comprou outro celular, da mesma marca, para tentar acessar a mem\u00f3ria na nuvem. O aparelho foi entregue \u00e0 pol\u00edcia.<\/p>\n\n\n\n<p>Eram esperadas tamb\u00e9m, para serem inclu\u00eddas no inqu\u00e9rito, as imagens das c\u00e2meras de seguran\u00e7a do hotel em que o casal se encontrou em Paris.<\/p>\n\n\n\n<p>Ap\u00f3s pedido de Ara\u00fajo, o quarto representante da modelo nesta acusa\u00e7\u00e3o, a pol\u00edcia negou a acarea\u00e7\u00e3o entre Neymar e Najila. Neymar dep\u00f4s no \u00faltimo dia 13 e Najila j\u00e1 deu dois depoimentos, um no dia 7 e outro no dia 18 de junho.<\/p>\n\n\n\n<p>J\u00e1 o Minist\u00e9rio P\u00fablico, assim que receber a investiga\u00e7\u00e3o, pode pedir um exame psicol\u00f3gico de Najila, o que seria considerado um procedimento comum nestas situa\u00e7\u00f5es.<\/p>\n","protected":false},"excerpt":{"rendered":"<p>Nesta segunda-feira (1\u00ba), termina o prazo para a conclus\u00e3o do inqu\u00e9rito que investiga a&nbsp;acusa\u00e7\u00e3o de estupro da modelo Najila Trindade&nbsp;contra o atacante Neymar. A delegada&hellip; <\/p>\n","protected":false},"author":1,"featured_media":98542,"comment_status":"closed","ping_status":"closed","sticky":false,"template":"","format":"standard","meta":{"sfsi_plus_gutenberg_text_before_share":"","sfsi_plus_gutenberg_show_text_before_share":"","sfsi_plus_gutenberg_icon_type":"","sfsi_plus_gutenberg_icon_alignemt":"","sfsi_plus_gutenburg_max_per_row":"","footnotes":""},"categories":[2],"tags":[],"class_list":["post-102891","post","type-post","status-publish","format-standard","has-post-thumbnail","hentry","category-geral"],"_links":{"self":[{"href":"https:\/\/www.caririemacao.com\/1\/wp-json\/wp\/v2\/posts\/102891","targetHints":{"allow":["GET"]}}],"collection":[{"href":"https:\/\/www.caririemacao.com\/1\/wp-json\/wp\/v2\/posts"}],"about":[{"href":"https:\/\/www.caririemacao.com\/1\/wp-json\/wp\/v2\/types\/post"}],"author":[{"embeddable":true,"href":"https:\/\/www.caririemacao.com\/1\/wp-json\/wp\/v2\/users\/1"}],"replies":[{"embeddable":true,"href":"https:\/\/www.caririemacao.com\/1\/wp-json\/wp\/v2\/comments?post=102891"}],"version-history":[{"count":1,"href":"https:\/\/www.caririemacao.com\/1\/wp-json\/wp\/v2\/posts\/102891\/revisions"}],"predecessor-version":[{"id":102892,"href":"https:\/\/www.caririemacao.com\/1\/wp-json\/wp\/v2\/posts\/102891\/revisions\/102892"}],"wp:featuredmedia":[{"embeddable":true,"href":"https:\/\/www.caririemacao.com\/1\/wp-json\/wp\/v2\/media\/98542"}],"wp:attachment":[{"href":"https:\/\/www.caririemacao.com\/1\/wp-json\/wp\/v2\/media?parent=102891"}],"wp:term":[{"taxonomy":"category","embeddable":true,"href":"https:\/\/www.caririemacao.com\/1\/wp-json\/wp\/v2\/categories?post=102891"},{"taxonomy":"post_tag","embeddable":true,"href":"https:\/\/www.caririemacao.com\/1\/wp-json\/wp\/v2\/tags?post=102891"}],"curies":[{"name":"wp","href":"https:\/\/api.w.org\/{rel}","templated":true}]}}