{"id":102895,"date":"2019-07-01T10:10:11","date_gmt":"2019-07-01T13:10:11","guid":{"rendered":"http:\/\/www.caririemacao.com\/1\/?p=102895"},"modified":"2019-07-01T10:10:11","modified_gmt":"2019-07-01T13:10:11","slug":"inscricoes-para-cfo-da-policia-militar-comecam-nesta-segunda-feira","status":"publish","type":"post","link":"https:\/\/www.caririemacao.com\/1\/2019\/07\/01\/inscricoes-para-cfo-da-policia-militar-comecam-nesta-segunda-feira\/","title":{"rendered":"Inscri\u00e7\u00f5es para CFO da Pol\u00edcia Militar come\u00e7am nesta segunda-feira"},"content":{"rendered":"\n<p>As inscri\u00e7\u00f5es para o&nbsp;Curso de Forma\u00e7\u00e3o de Oficiais da Pol\u00edcia Militar da Para\u00edba come\u00e7a nesta segunda-feira (1\u00ba), com 30 vagas&nbsp;para os cargos de Oficial da Pol\u00edcia Militar. Os interessados podem se inscrever a partir das 10h desta segunda-feira at\u00e9 o dia 30 de julho, atrav\u00e9s do&nbsp;<a href=\"http:\/\/www.pm.pb.gov.br\/portal\/noticias-pmpb\/\">site da Pol\u00edcia Militar<\/a>, com taxa de inscri\u00e7\u00e3o no valor de R$ 50.<br><a href=\"https:\/\/www.clickpb.com.br\/media\/filer_public\/6f\/c3\/6fc385c4-f4bd-48ab-93be-5829182e355f\/edital_cfo.pdf\">Confira o edital<\/a><\/p>\n\n\n\n<p>Das vagas oferecidas&nbsp;25&nbsp;s\u00e3o destinadas a candidatos do sexo masculino e cinco&nbsp;vagas s\u00e3o destinadas a candidatas do sexo feminino.<\/p>\n\n\n\n<p>O Concurso ser\u00e1 composto de cinco fases distintas, assim dispostas:<br><\/p>\n\n\n\n<ul class=\"wp-block-list\"><li>1\u00aa Fase \u2013 Exame Intelectual (Provas Escritas \u2013 Enem&nbsp;2019);<\/li><li>2\u00aa Fase \u2013 Exame Psicol\u00f3gico;<\/li><li>3\u00aa Fase \u2013 Exame de Sa\u00fade;<\/li><li>4\u00aa Fase \u2013 Exame de Aptid\u00e3o F\u00edsica;<\/li><li>5\u00aa Fase \u2013 Avalia\u00e7\u00e3o Social (Somente para os candidatos matriculados no CFO PM\/2020).<\/li><\/ul>\n\n\n\n<p>Os aprovados no curso ingressa como Cadete do CFO PM, com sal\u00e1rio inicial de R$2.924,89&nbsp;e ao termin\u00e1-lo com aproveitamento, o concluinte ser\u00e1 declarado Aspirante-a-Oficial PM.<\/p>\n","protected":false},"excerpt":{"rendered":"<p>As inscri\u00e7\u00f5es para o&nbsp;Curso de Forma\u00e7\u00e3o de Oficiais da Pol\u00edcia Militar da Para\u00edba come\u00e7a nesta segunda-feira (1\u00ba), com 30 vagas&nbsp;para os cargos de Oficial da&hellip; <\/p>\n","protected":false},"author":1,"featured_media":102896,"comment_status":"closed","ping_status":"closed","sticky":false,"template":"","format":"standard","meta":{"sfsi_plus_gutenberg_text_before_share":"","sfsi_plus_gutenberg_show_text_before_share":"","sfsi_plus_gutenberg_icon_type":"","sfsi_plus_gutenberg_icon_alignemt":"","sfsi_plus_gutenburg_max_per_row":"","footnotes":""},"categories":[2],"tags":[],"class_list":["post-102895","post","type-post","status-publish","format-standard","has-post-thumbnail","hentry","category-geral"],"_links":{"self":[{"href":"https:\/\/www.caririemacao.com\/1\/wp-json\/wp\/v2\/posts\/102895","targetHints":{"allow":["GET"]}}],"collection":[{"href":"https:\/\/www.caririemacao.com\/1\/wp-json\/wp\/v2\/posts"}],"about":[{"href":"https:\/\/www.caririemacao.com\/1\/wp-json\/wp\/v2\/types\/post"}],"author":[{"embeddable":true,"href":"https:\/\/www.caririemacao.com\/1\/wp-json\/wp\/v2\/users\/1"}],"replies":[{"embeddable":true,"href":"https:\/\/www.caririemacao.com\/1\/wp-json\/wp\/v2\/comments?post=102895"}],"version-history":[{"count":1,"href":"https:\/\/www.caririemacao.com\/1\/wp-json\/wp\/v2\/posts\/102895\/revisions"}],"predecessor-version":[{"id":102897,"href":"https:\/\/www.caririemacao.com\/1\/wp-json\/wp\/v2\/posts\/102895\/revisions\/102897"}],"wp:featuredmedia":[{"embeddable":true,"href":"https:\/\/www.caririemacao.com\/1\/wp-json\/wp\/v2\/media\/102896"}],"wp:attachment":[{"href":"https:\/\/www.caririemacao.com\/1\/wp-json\/wp\/v2\/media?parent=102895"}],"wp:term":[{"taxonomy":"category","embeddable":true,"href":"https:\/\/www.caririemacao.com\/1\/wp-json\/wp\/v2\/categories?post=102895"},{"taxonomy":"post_tag","embeddable":true,"href":"https:\/\/www.caririemacao.com\/1\/wp-json\/wp\/v2\/tags?post=102895"}],"curies":[{"name":"wp","href":"https:\/\/api.w.org\/{rel}","templated":true}]}}