{"id":102910,"date":"2019-07-01T10:45:05","date_gmt":"2019-07-01T13:45:05","guid":{"rendered":"http:\/\/www.caririemacao.com\/1\/?p=102910"},"modified":"2019-07-01T10:45:05","modified_gmt":"2019-07-01T13:45:05","slug":"brasil-e-argentina-decidem-nesta-terca-vaga-na-final-da-copa-america","status":"publish","type":"post","link":"https:\/\/www.caririemacao.com\/1\/2019\/07\/01\/brasil-e-argentina-decidem-nesta-terca-vaga-na-final-da-copa-america\/","title":{"rendered":"Brasil e Argentina decidem nesta ter\u00e7a vaga na final da Copa Am\u00e9rica"},"content":{"rendered":"\n<p>A sele\u00e7\u00e3o brasileira faz esta tarde o \u00faltimo treino antes de enfrentar a Argentina amanh\u00e3 (2), \u00e0s 21h30, no Est\u00e1dio Mineir\u00e3o, em Belo Horizonte. O t\u00e9cnico Tite marcou as atividades de hoje (1\u00ba) para as 16h, na Cidade do Galo, o Centro de Treinamento do Clube Atl\u00e9tico Mineiro. A partida contra os argentinos vale uma vaga na final da Copa Am\u00e9rica.<\/p>\n\n\n\n<p>O treino desta segunda-feira \u00e9 importante para Tite definir a equipe que jogar\u00e1 a semifinal da competi\u00e7\u00e3o. A volta do volante Casemiro ao time \u00e9 praticamente certa. O jogador esteve ausente da partida contra o Paraguai, cumprindo suspens\u00e3o por ter recebido o segundo cart\u00e3o amarelo. Uma das fun\u00e7\u00f5es de Casemiro em campo ser\u00e1 a de marcar o atacante Messi. O jogador do Real Madrid conhece bem o craque argentino, dos jogos contra o Barcelona no campeonato espanhol.<\/p>\n\n\n\n<p>J\u00e1 Filipe Lu\u00eds, que saiu do jogo contra o Paraguai sentindo dores na coxa direita, ainda se recupera. O lateral esquerdo trabalhou com bola no treino desse domingo (30), na Cidade do Galo, acompanhado pelo fisioterapeuta Caio Melo e pelo preparador f\u00edsico F\u00e1bio Mahseredjian.<\/p>\n\n\n\n<figure class=\"wp-block-image\"><img decoding=\"async\" data-src=\"http:\/\/imagens.ebc.com.br\/k6yhcXTB1FVhhqYhlfptAwlYrlw=\/754x0\/smart\/http:\/\/agenciabrasil.ebc.com.br\/sites\/default\/files\/thumbnails\/image\/felipe_luis.jpeg?itok=bac7kF-w\" alt=\"Felipe Lu\u00eds vem sendo acompanhado pela fisioterapeuta Caio Melo e pelo preparador f\u00edsico F\u00e1bio Mahseredjian\" src=\"data:image\/svg+xml;base64,PHN2ZyB3aWR0aD0iMSIgaGVpZ2h0PSIxIiB4bWxucz0iaHR0cDovL3d3dy53My5vcmcvMjAwMC9zdmciPjwvc3ZnPg==\" class=\"lazyload\" \/><\/figure>\n\n\n\n<p>Felipe Lu\u00eds vem sendo acompanhado pela fisioterapeuta Caio Melo e pelo preparador f\u00edsico F\u00e1bio Mahseredjian &#8211;&nbsp;<strong>Lucas Figueiredo &#8211; CBF<\/strong><\/p>\n\n\n\n<p>Filipe Lu\u00eds fez uma s\u00e9rie de atividades que simulavam situa\u00e7\u00f5es de jogo com objetivo de avaliar o estado f\u00edsico do atleta na \u00e1rea afetada pela les\u00e3o. De acordo com informa\u00e7\u00f5es divulgadas no&nbsp;<em>site<\/em>&nbsp;da Confedera\u00e7\u00e3o Brasileira de Futebol (CBF), o lateral esquerdo apresentou excelentes respostas em rela\u00e7\u00e3o ao trabalho proposto. \u201cEle avan\u00e7ou no processo para estar \u00e0 disposi\u00e7\u00e3o do t\u00e9cnico Tite no jogo decisivo contra a Argentina\u201d.<\/p>\n\n\n\n<p>O volante Fernandinho, que se recupera de um entorse no joelho direito sofrido no jogo contra a Venezuela, esteve em campo na Cidade do Galo. Ele trabalhou com o preparador f\u00edsico Ricardo Rosa e segue em processo de recupera\u00e7\u00e3o.<\/p>\n\n\n\n<p><strong>Gabriel Jesus<\/strong><\/p>\n\n\n\n<p>O artilheiro da sele\u00e7\u00e3o na era Tite, com 16 gols, Gabriel ainda n\u00e3o marcou seu gol na Copa Am\u00e9rica. Mas foi importante na cobran\u00e7a do p\u00eanalti que classificou o Brasil para as semifinais, na disputa contra o Paraguai, ap\u00f3s o empate sem gols, nos mais de 90 minutos da partida. O jogador \u00e9 um dos mais que se empenham nos treinos. Ele sabe que s\u00f3 assim poder\u00e1 ser mais efetivo nos jogos.<\/p>\n\n\n\n<figure class=\"wp-block-image\"><img decoding=\"async\" data-src=\"http:\/\/imagens.ebc.com.br\/ylC5t3CPfn1YtRy-GFkDFJzKhpA=\/754x0\/smart\/http:\/\/agenciabrasil.ebc.com.br\/sites\/default\/files\/thumbnails\/image\/gabriel_1.jpeg?itok=LiQ50RtC\" alt=\"Gabriel come\u00e7ou a Copa Am\u00e9rica na reserva e foi ganhando uma vaga no time titular\" src=\"data:image\/svg+xml;base64,PHN2ZyB3aWR0aD0iMSIgaGVpZ2h0PSIxIiB4bWxucz0iaHR0cDovL3d3dy53My5vcmcvMjAwMC9zdmciPjwvc3ZnPg==\" class=\"lazyload\" \/><\/figure>\n\n\n\n<p>Gabriel come\u00e7ou a Copa Am\u00e9rica na reserva e foi ganhando uma vaga no time titular &#8211;&nbsp;<strong>Lucas Figueiredo &#8211; CBF<\/strong><\/p>\n\n\n\n<p>Nesta ter\u00e7a-feira contra a Argentina, Gabriel ter\u00e1 pela frente o seu companheiro no clube ingl\u00eas Manchester City, o atacante S\u00e9rgio Aguero. \u201cHoje eu busco finalizar mais e venho treinando muito no meu clube e aqui na sele\u00e7\u00e3o brasileira. Foco muito para melhorar a minha finaliza\u00e7\u00e3o. Vejo l\u00e1 meu clube mesmo, o pr\u00f3prio Aguero, que finaliza muito ao gol\u201d, disse.<\/p>\n\n\n\n<p>Gabriel come\u00e7ou a Copa Am\u00e9rica na reserva e foi ganhando uma vaga no time titular jogando pelos lados do campo de ataque, numa forma de jogar bem diferente do seu melhor momento na sele\u00e7\u00e3o, durante as eliminat\u00f3rias para a Copa do Mundo de 2018, na R\u00fassia, quando ficava mais centralizado.<\/p>\n","protected":false},"excerpt":{"rendered":"<p>A sele\u00e7\u00e3o brasileira faz esta tarde o \u00faltimo treino antes de enfrentar a Argentina amanh\u00e3 (2), \u00e0s 21h30, no Est\u00e1dio Mineir\u00e3o, em Belo Horizonte. O&hellip; <\/p>\n","protected":false},"author":1,"featured_media":102911,"comment_status":"closed","ping_status":"closed","sticky":false,"template":"","format":"standard","meta":{"sfsi_plus_gutenberg_text_before_share":"","sfsi_plus_gutenberg_show_text_before_share":"","sfsi_plus_gutenberg_icon_type":"","sfsi_plus_gutenberg_icon_alignemt":"","sfsi_plus_gutenburg_max_per_row":"","footnotes":""},"categories":[13],"tags":[],"class_list":["post-102910","post","type-post","status-publish","format-standard","has-post-thumbnail","hentry","category-esportes"],"_links":{"self":[{"href":"https:\/\/www.caririemacao.com\/1\/wp-json\/wp\/v2\/posts\/102910","targetHints":{"allow":["GET"]}}],"collection":[{"href":"https:\/\/www.caririemacao.com\/1\/wp-json\/wp\/v2\/posts"}],"about":[{"href":"https:\/\/www.caririemacao.com\/1\/wp-json\/wp\/v2\/types\/post"}],"author":[{"embeddable":true,"href":"https:\/\/www.caririemacao.com\/1\/wp-json\/wp\/v2\/users\/1"}],"replies":[{"embeddable":true,"href":"https:\/\/www.caririemacao.com\/1\/wp-json\/wp\/v2\/comments?post=102910"}],"version-history":[{"count":1,"href":"https:\/\/www.caririemacao.com\/1\/wp-json\/wp\/v2\/posts\/102910\/revisions"}],"predecessor-version":[{"id":102912,"href":"https:\/\/www.caririemacao.com\/1\/wp-json\/wp\/v2\/posts\/102910\/revisions\/102912"}],"wp:featuredmedia":[{"embeddable":true,"href":"https:\/\/www.caririemacao.com\/1\/wp-json\/wp\/v2\/media\/102911"}],"wp:attachment":[{"href":"https:\/\/www.caririemacao.com\/1\/wp-json\/wp\/v2\/media?parent=102910"}],"wp:term":[{"taxonomy":"category","embeddable":true,"href":"https:\/\/www.caririemacao.com\/1\/wp-json\/wp\/v2\/categories?post=102910"},{"taxonomy":"post_tag","embeddable":true,"href":"https:\/\/www.caririemacao.com\/1\/wp-json\/wp\/v2\/tags?post=102910"}],"curies":[{"name":"wp","href":"https:\/\/api.w.org\/{rel}","templated":true}]}}