{"id":102915,"date":"2019-07-01T10:48:05","date_gmt":"2019-07-01T13:48:05","guid":{"rendered":"http:\/\/www.caririemacao.com\/1\/?p=102915"},"modified":"2019-07-01T10:48:05","modified_gmt":"2019-07-01T13:48:05","slug":"confianca-empresarial-tem-primeira-alta-desde-janeiro-diz-fgv","status":"publish","type":"post","link":"https:\/\/www.caririemacao.com\/1\/2019\/07\/01\/confianca-empresarial-tem-primeira-alta-desde-janeiro-diz-fgv\/","title":{"rendered":"Confian\u00e7a empresarial tem primeira alta desde janeiro, diz FGV"},"content":{"rendered":"\n<p>O \u00cdndice de Confian\u00e7a Empresarial (ICE), medido pela Funda\u00e7\u00e3o Getulio Vargas (FGV) subiu 0,6 ponto de maio para junho deste ano e chegou a 92,6 pontos, em uma escala de zero a 200 pontos. De acordo com as informa\u00e7\u00f5es da FGV divulgadas hoje (1\u00ba)&nbsp; essa foi a primeira alta do indicador, que mede a confian\u00e7a de empres\u00e1rios da ind\u00fastria, servi\u00e7os, com\u00e9rcio e constru\u00e7\u00e3o, desde janeiro deste ano.<\/p>\n\n\n\n<p>Ou\u00e7a na&nbsp;<strong>R\u00e1dio Nacional<\/strong>:<\/p>\n\n\n\n<figure><iframe data-src=\"http:\/\/radioagencianacional.ebc.com.br\/sites\/_radioagencianacional2013\/themes\/radioagencianacional2013\/componentes\/componente-player\/embed.html?title=Confian%C3%A7a%20dos%20empres%C3%A1rios%20de%20servi%C3%A7os%20cresce%20em%20junho,diz%20FGV&amp;url=http:\/\/radioagencianacional.ebc.com.br\/economia\/audio\/2019-06\/confianca-dos-empresarios-de-servicos-cresce-em-junhodiz-fgv&amp;time=01:32&amp;tags-audio=Editoria,%20Tipos%20de%20Conte%C3%BAdo&amp;data-ogg=http:\/\/audios.ebc.com.br\/4c\/4cd4b4964bf5a1881b86f2e06ea3e3af.ogg&amp;data-mp3=http:\/\/audios.ebc.com.br\/4c\/4cd4b4964bf5a1881b86f2e06ea3e3af.mp3&amp;created=28\/06\/2019%20-%2016h00\" width=\"100%\" src=\"data:image\/svg+xml;base64,PHN2ZyB3aWR0aD0iMSIgaGVpZ2h0PSIxIiB4bWxucz0iaHR0cDovL3d3dy53My5vcmcvMjAwMC9zdmciPjwvc3ZnPg==\" class=\"lazyload\" data-load-mode=\"1\"><\/iframe><\/figure>\n\n\n\n<p>A confian\u00e7a dos empres\u00e1rios no futuro, medida pelo \u00cdndice de Expectativas, subiu 1,1 ponto para 99,3 pontos. J\u00e1 a percep\u00e7\u00e3o sobre a situa\u00e7\u00e3o atual dos neg\u00f3cios, medida pelo \u00cdndice da Situa\u00e7\u00e3o Atual, subiu 0,3 ponto em junho, para 89,9 pontos.<\/p>\n\n\n\n<p>Entre os setores pesquisados, apenas a ind\u00fastria recuou: -1,5 ponto. Os demais setores tiveram alta na confian\u00e7a: servi\u00e7os (2,2 pontos), com\u00e9rcio (1,2 ponto) e constru\u00e7\u00e3o (2,1 pontos). Em junho, a confian\u00e7a avan\u00e7ou em 65% dos 49 segmentos que integram o ICE.<\/p>\n\n\n\n<p>De acordo com o pesquisador da FGV Aloisio Campelo Jr., a primeira alta desde janeiro deve ser interpretada como uma acomoda\u00e7\u00e3o e n\u00e3o como um marco de revers\u00e3o da tend\u00eancia declinante dos meses anteriores. Segundo ele, \u201csomente uma mudan\u00e7a no quadro atual, que combina n\u00edvel de atividade fraco e incerteza elevada, levar\u00e1 a uma recupera\u00e7\u00e3o consistente da confian\u00e7a\u201d.<\/p>\n","protected":false},"excerpt":{"rendered":"<p>O \u00cdndice de Confian\u00e7a Empresarial (ICE), medido pela Funda\u00e7\u00e3o Getulio Vargas (FGV) subiu 0,6 ponto de maio para junho deste ano e chegou a 92,6&hellip; <\/p>\n","protected":false},"author":1,"featured_media":102916,"comment_status":"closed","ping_status":"closed","sticky":false,"template":"","format":"standard","meta":{"sfsi_plus_gutenberg_text_before_share":"","sfsi_plus_gutenberg_show_text_before_share":"","sfsi_plus_gutenberg_icon_type":"","sfsi_plus_gutenberg_icon_alignemt":"","sfsi_plus_gutenburg_max_per_row":"","footnotes":""},"categories":[2],"tags":[],"class_list":["post-102915","post","type-post","status-publish","format-standard","has-post-thumbnail","hentry","category-geral"],"_links":{"self":[{"href":"https:\/\/www.caririemacao.com\/1\/wp-json\/wp\/v2\/posts\/102915","targetHints":{"allow":["GET"]}}],"collection":[{"href":"https:\/\/www.caririemacao.com\/1\/wp-json\/wp\/v2\/posts"}],"about":[{"href":"https:\/\/www.caririemacao.com\/1\/wp-json\/wp\/v2\/types\/post"}],"author":[{"embeddable":true,"href":"https:\/\/www.caririemacao.com\/1\/wp-json\/wp\/v2\/users\/1"}],"replies":[{"embeddable":true,"href":"https:\/\/www.caririemacao.com\/1\/wp-json\/wp\/v2\/comments?post=102915"}],"version-history":[{"count":1,"href":"https:\/\/www.caririemacao.com\/1\/wp-json\/wp\/v2\/posts\/102915\/revisions"}],"predecessor-version":[{"id":102917,"href":"https:\/\/www.caririemacao.com\/1\/wp-json\/wp\/v2\/posts\/102915\/revisions\/102917"}],"wp:featuredmedia":[{"embeddable":true,"href":"https:\/\/www.caririemacao.com\/1\/wp-json\/wp\/v2\/media\/102916"}],"wp:attachment":[{"href":"https:\/\/www.caririemacao.com\/1\/wp-json\/wp\/v2\/media?parent=102915"}],"wp:term":[{"taxonomy":"category","embeddable":true,"href":"https:\/\/www.caririemacao.com\/1\/wp-json\/wp\/v2\/categories?post=102915"},{"taxonomy":"post_tag","embeddable":true,"href":"https:\/\/www.caririemacao.com\/1\/wp-json\/wp\/v2\/tags?post=102915"}],"curies":[{"name":"wp","href":"https:\/\/api.w.org\/{rel}","templated":true}]}}