{"id":102929,"date":"2019-07-01T11:24:12","date_gmt":"2019-07-01T14:24:12","guid":{"rendered":"http:\/\/www.caririemacao.com\/1\/?p=102929"},"modified":"2019-07-01T11:24:12","modified_gmt":"2019-07-01T14:24:12","slug":"lava-jato-do-rio-de-janeiro-prende-procurador-do-estado-suspeito-de-propina","status":"publish","type":"post","link":"https:\/\/www.caririemacao.com\/1\/2019\/07\/01\/lava-jato-do-rio-de-janeiro-prende-procurador-do-estado-suspeito-de-propina\/","title":{"rendered":"Lava Jato do Rio de Janeiro prende procurador do estado suspeito de propina"},"content":{"rendered":"\n<p>A for\u00e7a-tarefa da Opera\u00e7\u00e3o Lava Jato do Rio de Janeiro prendeu, na manh\u00e3 desta segunda-feira (1\u00ba), o procurador do estado Renan Saad. Ele \u00e9 suspeito de ter recebido mais de R$ 1,2 milh\u00e3o da Odebrecht para alterar o projeto original de constru\u00e7\u00e3o da linha 4 do metr\u00f4, modificando o tra\u00e7ado original da obra e elevando os seus custos -o projeto original, or\u00e7ado em R$ 3 bilh\u00f5es, teve um custo final em torno de R$ 11 bilh\u00f5es.<\/p>\n\n\n\n<p>Segundo a investiga\u00e7\u00e3o, Saad teria agido de forma decisiva para possibilitar as a\u00e7\u00f5es criminosas da organiza\u00e7\u00e3o liderada pelo ex-governador S\u00e9rgio Cabral (MDB) e gerado preju\u00edzo aos cofres p\u00fablicos. O procurador foi preso no apartamento onde mora, em S\u00e3o Conrado, na zona sul da capital fluminense.<\/p>\n\n\n\n<p>As investiga\u00e7\u00f5es apontam que Saad era conhecido nas planilhas da Odebrecht pelo apelido \u201cGordinho\u201d. Em dela\u00e7\u00e3o premiada, o ex-diretor de contratos da Odebrecht Marcos Vidigal do Amaral apontou o procurador como recebedor de propina.<\/p>\n\n\n\n<p>Para que as modifica\u00e7\u00f5es na obra do metr\u00f4 e do contrato original fossem realizadas, seria necess\u00e1ria uma nova licita\u00e7\u00e3o. Saad, no entanto, valeu-se do cargo para permitir que as altera\u00e7\u00f5es fossem feitas sem a necessidade de uma disputa, em favor da Odebrecht.<\/p>\n\n\n\n<p>O pagamento feito a ele, tamb\u00e9m de acordo com a dela\u00e7\u00e3o, teria sido feito por meio do Departamento de Opera\u00e7\u00f5es Estruturadas da Odebrecht -o setor respons\u00e1vel pelo pagamento de propinas da empreiteira.<\/p>\n\n\n\n<p>A reportagem tenta contato com a defesa de Saad.<\/p>\n","protected":false},"excerpt":{"rendered":"<p>A for\u00e7a-tarefa da Opera\u00e7\u00e3o Lava Jato do Rio de Janeiro prendeu, na manh\u00e3 desta segunda-feira (1\u00ba), o procurador do estado Renan Saad. Ele \u00e9 suspeito&hellip; <\/p>\n","protected":false},"author":1,"featured_media":9835,"comment_status":"closed","ping_status":"closed","sticky":false,"template":"","format":"standard","meta":{"sfsi_plus_gutenberg_text_before_share":"","sfsi_plus_gutenberg_show_text_before_share":"","sfsi_plus_gutenberg_icon_type":"","sfsi_plus_gutenberg_icon_alignemt":"","sfsi_plus_gutenburg_max_per_row":"","footnotes":""},"categories":[2],"tags":[],"class_list":["post-102929","post","type-post","status-publish","format-standard","has-post-thumbnail","hentry","category-geral"],"_links":{"self":[{"href":"https:\/\/www.caririemacao.com\/1\/wp-json\/wp\/v2\/posts\/102929","targetHints":{"allow":["GET"]}}],"collection":[{"href":"https:\/\/www.caririemacao.com\/1\/wp-json\/wp\/v2\/posts"}],"about":[{"href":"https:\/\/www.caririemacao.com\/1\/wp-json\/wp\/v2\/types\/post"}],"author":[{"embeddable":true,"href":"https:\/\/www.caririemacao.com\/1\/wp-json\/wp\/v2\/users\/1"}],"replies":[{"embeddable":true,"href":"https:\/\/www.caririemacao.com\/1\/wp-json\/wp\/v2\/comments?post=102929"}],"version-history":[{"count":1,"href":"https:\/\/www.caririemacao.com\/1\/wp-json\/wp\/v2\/posts\/102929\/revisions"}],"predecessor-version":[{"id":102930,"href":"https:\/\/www.caririemacao.com\/1\/wp-json\/wp\/v2\/posts\/102929\/revisions\/102930"}],"wp:featuredmedia":[{"embeddable":true,"href":"https:\/\/www.caririemacao.com\/1\/wp-json\/wp\/v2\/media\/9835"}],"wp:attachment":[{"href":"https:\/\/www.caririemacao.com\/1\/wp-json\/wp\/v2\/media?parent=102929"}],"wp:term":[{"taxonomy":"category","embeddable":true,"href":"https:\/\/www.caririemacao.com\/1\/wp-json\/wp\/v2\/categories?post=102929"},{"taxonomy":"post_tag","embeddable":true,"href":"https:\/\/www.caririemacao.com\/1\/wp-json\/wp\/v2\/tags?post=102929"}],"curies":[{"name":"wp","href":"https:\/\/api.w.org\/{rel}","templated":true}]}}