{"id":102935,"date":"2019-07-01T13:46:26","date_gmt":"2019-07-01T16:46:26","guid":{"rendered":"http:\/\/www.caririemacao.com\/1\/?p=102935"},"modified":"2019-07-01T13:50:03","modified_gmt":"2019-07-01T16:50:03","slug":"modelo-paraibana-de-sume-que-atuou-em-comercial-de-tv-representara-o-estado-no-concurso-nacional-belezas-do-brasil","status":"publish","type":"post","link":"https:\/\/www.caririemacao.com\/1\/2019\/07\/01\/modelo-paraibana-de-sume-que-atuou-em-comercial-de-tv-representara-o-estado-no-concurso-nacional-belezas-do-brasil\/","title":{"rendered":"Modelo Paraibana de Sum\u00e9 que atuou em comercial de TV representar\u00e1 o Estado no Concurso Nacional \u2018Belezas do Brasil\u2019"},"content":{"rendered":"\n<p>A modelo Karol Mariano de 25 anos nascida em Jo\u00e3o Pessoa, mudou-se para a cidade de Sum\u00e9 a terra Natal de sua fam\u00edlia aos 2 anos de idade , mas ap\u00f3s ir morar em S\u00e3o Paulo iniciou a carreira de modelo e tem conquistado destaque em eventos de moda e concursos de beleza no estado de S\u00e3o Paulo , a paraibana ir\u00e1 representar o Estado da Para\u00edba na 5\u00b0 edi\u00e7\u00e3o do Concurso de Beleza \u2018Belezas do Brasil\u2019 que contar\u00e1 com 31 participantes de todos os estados do Pa\u00eds e do Distrito Federal , as vencedoras do Concurso ganhar\u00e3o oportunidades em franquias de Concursos Internacionais como Miss Global e Miss Intercontinental.<\/p>\n\n\n\n<figure class=\"wp-block-image\"><img decoding=\"async\" data-src=\"http:\/\/maisparaiba.com\/wp-content\/uploads\/2019\/06\/IMG_20190630_182048_699.jpg\" alt=\"\" class=\"wp-image-1613 lazyload\" src=\"data:image\/svg+xml;base64,PHN2ZyB3aWR0aD0iMSIgaGVpZ2h0PSIxIiB4bWxucz0iaHR0cDovL3d3dy53My5vcmcvMjAwMC9zdmciPjwvc3ZnPg==\" \/><\/figure>\n\n\n\n<p>O Concurso ser\u00e1 realizado no dia 20 de Julho de 2019 no Teatro Lauro Gomes em S\u00e3o Bernardo do Campo SP.<\/p>\n\n\n\n<p><strong>Comercial televisivo<\/strong><\/p>\n\n\n\n<p>A Modelo Paraibana recentemente estrelou o Comercial de televis\u00e3o da marca de salgadinhos Ruffles.<\/p>\n\n\n\n<p>A modelo comentou com o Mais Para\u00edba sobre a realiza\u00e7\u00e3o do comercial:<\/p>\n\n\n\n<p><em>\u201cEu j\u00e1 fazia trabalhos de modelo em Mar\u00edlia-SP, mas apenas fotos e alguns desfiles, a pouco mais de 2 meses mudei pra S\u00e3o Paulo-SP para me dedicar realmente a carreira de modelo. E esse comercial foi a minha primeira publicidade, fiquei muito empolgada e estou muito feliz que est\u00e1 tudo caminhando bem, gravei mais um comercial recentemente para a FAM. Estou estudando cinema e Tv, e me dedicando bastante para conseguir trabalhos incr\u00edveis.\u201d<\/em><\/p>\n\n\n\n<p>Em contato com a reda\u00e7\u00e3o do Mais Para\u00edba , Karol descreveu a sensa\u00e7\u00e3o de representar o seu Estado , de sua fam\u00edlia e amigos em um Evento a n\u00edvel nacional , al\u00e9m de relatar as dificuldades enfrentadas em busca do sonho da carreira profissional na moda.<\/p>\n\n\n\n<p><em>\u201cQuando fui convidada para representar meu Estado em um concurso de n\u00edvel Nacional foi muito emocionante, eu fiquei orgulhosa e imensamente grata pela oportunidade que a Casting Misses me ofereceu.<\/em><\/p>\n\n\n\n<p><em>Eu j\u00e1 havia participado de outros concursos na cidade em que fiz faculdade, Mar\u00edlia-SP, ganhei o Miss beleza negra 2015 e fui top 3 em mais dois concursos tamb\u00e9m no interior de S\u00e3o Paulo. Mas agora \u00e9 diferente, estou representando meu estado que eu amo e que tenho o maior orgulho de ter nascido em uma terra t\u00e3o rica e t\u00e3o forte.<\/em><\/p>\n\n\n\n<p><em>Quero mostrar o meu amor por ser paraibana e nordestina sim senhor !<\/em><\/p>\n\n\n\n<p><em>Quero que todas as pessoas se sintam representadas, com um foco ainda maior nas meninas e mulheres, quero poder mostrar que todas somos capazes de chegar onde queremos, basta acreditar e seguir seus sonhos sem medo e poder passar confian\u00e7a para todas as meninas que tem sonhos gigantes como eu acredito que toda crian\u00e7a tem mas n\u00e3o tem a oportunidades para realizar e ficam desacreditadas, eu era essa crian\u00e7a, e eu imagino o quanto eu teria ido atr\u00e1s de tudo mais cedo se tivesse algu\u00e9m pra me inspirar; Eu quero servir de inspira\u00e7\u00e3o para todas.<\/em><\/p>\n\n\n\n<p><em>Dia 20 de julho eu quero todo mundo torcendo por mim. Acesse a p\u00e1gina do Concurso Belezas do Brasil, no Instagram e no Facebook, para ficar atento a tudo que est\u00e1 rolando no concurso, conto com o apoio de todos.\u201d<\/em><\/p>\n\n\n\n<p>Karol Mariano conta com o apoio de todos os Paraibanos para trazer mais uma conquista para a Para\u00edba.<\/p>\n\n\n\n<p>Mais Para\u00edba<\/p>\n","protected":false},"excerpt":{"rendered":"<p>A modelo Karol Mariano de 25 anos nascida em Jo\u00e3o Pessoa, mudou-se para a cidade de Sum\u00e9 a terra Natal de sua fam\u00edlia aos 2&hellip; <\/p>\n","protected":false},"author":1,"featured_media":102936,"comment_status":"closed","ping_status":"closed","sticky":false,"template":"","format":"standard","meta":{"sfsi_plus_gutenberg_text_before_share":"","sfsi_plus_gutenberg_show_text_before_share":"","sfsi_plus_gutenberg_icon_type":"","sfsi_plus_gutenberg_icon_alignemt":"","sfsi_plus_gutenburg_max_per_row":"","footnotes":""},"categories":[2],"tags":[],"class_list":["post-102935","post","type-post","status-publish","format-standard","has-post-thumbnail","hentry","category-geral"],"_links":{"self":[{"href":"https:\/\/www.caririemacao.com\/1\/wp-json\/wp\/v2\/posts\/102935","targetHints":{"allow":["GET"]}}],"collection":[{"href":"https:\/\/www.caririemacao.com\/1\/wp-json\/wp\/v2\/posts"}],"about":[{"href":"https:\/\/www.caririemacao.com\/1\/wp-json\/wp\/v2\/types\/post"}],"author":[{"embeddable":true,"href":"https:\/\/www.caririemacao.com\/1\/wp-json\/wp\/v2\/users\/1"}],"replies":[{"embeddable":true,"href":"https:\/\/www.caririemacao.com\/1\/wp-json\/wp\/v2\/comments?post=102935"}],"version-history":[{"count":2,"href":"https:\/\/www.caririemacao.com\/1\/wp-json\/wp\/v2\/posts\/102935\/revisions"}],"predecessor-version":[{"id":102941,"href":"https:\/\/www.caririemacao.com\/1\/wp-json\/wp\/v2\/posts\/102935\/revisions\/102941"}],"wp:featuredmedia":[{"embeddable":true,"href":"https:\/\/www.caririemacao.com\/1\/wp-json\/wp\/v2\/media\/102936"}],"wp:attachment":[{"href":"https:\/\/www.caririemacao.com\/1\/wp-json\/wp\/v2\/media?parent=102935"}],"wp:term":[{"taxonomy":"category","embeddable":true,"href":"https:\/\/www.caririemacao.com\/1\/wp-json\/wp\/v2\/categories?post=102935"},{"taxonomy":"post_tag","embeddable":true,"href":"https:\/\/www.caririemacao.com\/1\/wp-json\/wp\/v2\/tags?post=102935"}],"curies":[{"name":"wp","href":"https:\/\/api.w.org\/{rel}","templated":true}]}}