{"id":102947,"date":"2019-07-01T13:53:04","date_gmt":"2019-07-01T16:53:04","guid":{"rendered":"http:\/\/www.caririemacao.com\/1\/?p=102947"},"modified":"2019-07-01T13:53:04","modified_gmt":"2019-07-01T16:53:04","slug":"joao-e-governadores-do-nordeste-pedem-afastamento-de-sergio-moro","status":"publish","type":"post","link":"https:\/\/www.caririemacao.com\/1\/2019\/07\/01\/joao-e-governadores-do-nordeste-pedem-afastamento-de-sergio-moro\/","title":{"rendered":"Jo\u00e3o e governadores do Nordeste pedem afastamento de Sergio Moro"},"content":{"rendered":"\n<p>Os governadores do Nordeste, entre eles o da Para\u00edba, Jo\u00e3o Azev\u00eado (PSB), divulgaram uma carta nesse domingo (30), em que pedem uma r\u00edgida investiga\u00e7\u00e3o do conte\u00fado vazado em conversas entre os procuradores da Opera\u00e7\u00e3o Lava Jato e o ent\u00e3o juiz Sergio Moro \u2013 hoje ministro da Seguran\u00e7a P\u00fablica e Justi\u00e7a -, comprometendo a imparcialidade do processo que condenou o ex-presidente Lula (PT).<\/p>\n\n\n\n<p>\u201cAs conversas anormais configuram um flagrante desrespeito \u00e0s leis, como se os fins justificassem os meio\u201d, escreveram.<\/p>\n\n\n\n<p>Em um trecho da missiva, os governadores pedem o afastamento de Sergio Moro e de procurador Deltan Dallagnol dos seus respectivos cargos.<\/p>\n\n\n\n<p>\u201c\u00c9 preciso tamb\u00e9m avaliar o afastamento dos envolvidos. Defendemos, ainda, a revis\u00e3o ou anula\u00e7\u00e3o de todo e qualquer julgamento realizado fora da legalidade\u201d, escreveram.<\/p>\n\n\n\n<p>Os governadores tamb\u00e9m cobram a conclus\u00e3o da vota\u00e7\u00e3o do projeto de lei sobre abuso da autoridade, aprovado na semana passada pelo Senado Federal. O texto est\u00e1 agora na C\u00e2mara dos Deputados.<\/p>\n\n\n\n<p>Leia a \u00edntegra da carta:<\/p>\n\n\n\n<p><strong>ABUSOS DEVEM SER INVESTIGADOS<\/strong><\/p>\n\n\n\n<p><em>As seguidas revela\u00e7\u00f5es de conversas e acordos informais entre membros do Judici\u00e1rio e do Minist\u00e9rio P\u00fablico, em Curitiba, divulgadas pelo The Intercept.com e outros ve\u00edculos de comunica\u00e7\u00e3o, s\u00e3o de muita gravidade. As conversas anormais configuram um flagrante desrespeito \u00e0s leis, como se os fins justificassem os meios.<\/em><\/p>\n\n\n\n<p><em>N\u00e3o se trata de pequenos erros; s\u00e3o vidas de seres humanos e suas hist\u00f3rias que se revelam alteradas em julgamentos fora das regras constitucionais, legais e \u00e9ticas. Todos sabem que um juiz deve ser imparcial e por isso n\u00e3o pode se juntar com uma das partes para prejudicar a outra parte. Acreditamos que a defesa da real imparcialidade dos ju\u00edzes \u00e9 um tema de alto interesse inclusive para eles pr\u00f3prios. Assim, manifestamos nossa confian\u00e7a de que a imensa maioria dos magistrados e membros do Minist\u00e9rio P\u00fablico que, com seriedade e respeito \u00e0 lei fazem o verdadeiro combate \u00e0 corrup\u00e7\u00e3o e outros crimes, podem apoiar as necess\u00e1rias investiga\u00e7\u00f5es nesse caso.<\/em><\/p>\n\n\n\n<p><em>Agora, um dos trechos das conversas divulgadas destacam o Procurador Deltan Dallagnol sugerindo busca e apreens\u00e3o na resid\u00eancia do hoje Senador pela Bahia, Jaques Wagner. E a justificativa do coordenador da Lava Jato? \u201cQuest\u00e3o simb\u00f3lica\u201d, ou seja, ao lixo o direito. \u00c9 mais uma revela\u00e7\u00e3o de extrema gravidade.<\/em><\/p>\n\n\n\n<p><em>\u00c9 inadmiss\u00edvel uma atua\u00e7\u00e3o que se denuncia ilegal entre membros do Minist\u00e9rio P\u00fablico e do Judici\u00e1rio, combinando previamente passos de uma importante investiga\u00e7\u00e3o, com o intuito de perseguir e prender pessoas. Em discurso recente, na C\u00fapula Pan-Americana de Ju\u00edzes, o Papa Francisco j\u00e1 demonstrou a sua preocupa\u00e7\u00e3o com atos abusivos e de persegui\u00e7\u00e3o por meio de processos judiciais sem base leg\u00edtima. Reivindicamos a pronta e \u00e1gil apura\u00e7\u00e3o de tudo, com independ\u00eancia e transpar\u00eancia. \u00c9 preciso tamb\u00e9m avaliar o afastamento dos envolvidos. Defendemos, ainda, a revis\u00e3o ou anula\u00e7\u00e3o de todo e qualquer julgamento realizado fora da legalidade.<\/em><\/p>\n\n\n\n<p><em>Outrossim, sublinhamos a relev\u00e2ncia de o Congresso Nacional concluir a vota\u00e7\u00e3o do Projeto de Lei sobre Abuso de Autoridade. Apoiamos firmemente o combate \u00e0 corrup\u00e7\u00e3o, por\u00e9m consideramos que tamb\u00e9m \u00e9 uma forma de corrup\u00e7\u00e3o conduzir processos jur\u00eddicos desrespeitando deliberadamente a lei.<\/em><\/p>\n\n\n\n<p><em>Governadores do Nordeste do Brasil<\/em><\/p>\n\n\n\n<p><strong>MaisPB<\/strong><\/p>\n","protected":false},"excerpt":{"rendered":"<p>Os governadores do Nordeste, entre eles o da Para\u00edba, Jo\u00e3o Azev\u00eado (PSB), divulgaram uma carta nesse domingo (30), em que pedem uma r\u00edgida investiga\u00e7\u00e3o do&hellip; <\/p>\n","protected":false},"author":1,"featured_media":102948,"comment_status":"closed","ping_status":"closed","sticky":false,"template":"","format":"standard","meta":{"sfsi_plus_gutenberg_text_before_share":"","sfsi_plus_gutenberg_show_text_before_share":"","sfsi_plus_gutenberg_icon_type":"","sfsi_plus_gutenberg_icon_alignemt":"","sfsi_plus_gutenburg_max_per_row":"","footnotes":""},"categories":[11],"tags":[],"class_list":["post-102947","post","type-post","status-publish","format-standard","has-post-thumbnail","hentry","category-politica"],"_links":{"self":[{"href":"https:\/\/www.caririemacao.com\/1\/wp-json\/wp\/v2\/posts\/102947","targetHints":{"allow":["GET"]}}],"collection":[{"href":"https:\/\/www.caririemacao.com\/1\/wp-json\/wp\/v2\/posts"}],"about":[{"href":"https:\/\/www.caririemacao.com\/1\/wp-json\/wp\/v2\/types\/post"}],"author":[{"embeddable":true,"href":"https:\/\/www.caririemacao.com\/1\/wp-json\/wp\/v2\/users\/1"}],"replies":[{"embeddable":true,"href":"https:\/\/www.caririemacao.com\/1\/wp-json\/wp\/v2\/comments?post=102947"}],"version-history":[{"count":1,"href":"https:\/\/www.caririemacao.com\/1\/wp-json\/wp\/v2\/posts\/102947\/revisions"}],"predecessor-version":[{"id":102949,"href":"https:\/\/www.caririemacao.com\/1\/wp-json\/wp\/v2\/posts\/102947\/revisions\/102949"}],"wp:featuredmedia":[{"embeddable":true,"href":"https:\/\/www.caririemacao.com\/1\/wp-json\/wp\/v2\/media\/102948"}],"wp:attachment":[{"href":"https:\/\/www.caririemacao.com\/1\/wp-json\/wp\/v2\/media?parent=102947"}],"wp:term":[{"taxonomy":"category","embeddable":true,"href":"https:\/\/www.caririemacao.com\/1\/wp-json\/wp\/v2\/categories?post=102947"},{"taxonomy":"post_tag","embeddable":true,"href":"https:\/\/www.caririemacao.com\/1\/wp-json\/wp\/v2\/tags?post=102947"}],"curies":[{"name":"wp","href":"https:\/\/api.w.org\/{rel}","templated":true}]}}