{"id":102952,"date":"2019-07-01T13:55:43","date_gmt":"2019-07-01T16:55:43","guid":{"rendered":"http:\/\/www.caririemacao.com\/1\/?p=102952"},"modified":"2019-07-01T13:55:43","modified_gmt":"2019-07-01T16:55:43","slug":"vaticano-anuncia-que-irma-dulce-sera-canonizada-no-dia-13-de-outubro","status":"publish","type":"post","link":"https:\/\/www.caririemacao.com\/1\/2019\/07\/01\/vaticano-anuncia-que-irma-dulce-sera-canonizada-no-dia-13-de-outubro\/","title":{"rendered":"Vaticano anuncia que Irm\u00e3 Dulce ser\u00e1 canonizada no dia 13 de outubro"},"content":{"rendered":"\n<p>Primeira mulher nascida no Brasil a virar santa, Irm\u00e3 Dulce ser\u00e1 canonizada no dia 13 de outubro em cerim\u00f4nia presidida pelo papa Francisco no Vaticano, de acordo com informa\u00e7\u00f5es divulgadas nesta segunda-feira (1\u00ba) pelo &#8220;Vatican News&#8221;, o canal oficial de comunica\u00e7\u00e3o da Santa S\u00e9.<\/p>\n\n\n\n<p>O Vaticano anunciou a canoniza\u00e7\u00e3o em maio deste ano, quando um segundo milagre atribu\u00eddo \u00e0 religiosa foi reconhecido por meio de decreto. Trata-se da cura de um paciente que estava cego.<\/p>\n\n\n\n<p>Soteropolitana nascida em 1914, Maria Rita Lopes de Sousa Brito, conhecida como &#8220;Anjo Bom da Bahia&#8221;, se dedicou ao trabalho social nas ruas da capital baiana. Come\u00e7ou prestando assist\u00eancia \u00e0 comunidade favelada dos bairros de Alagados e de Itapagipe e depois fundou a Uni\u00e3o Oper\u00e1ria S\u00e3o Francisco, primeiro movimento crist\u00e3o oper\u00e1rio de Salvador e o C\u00edrculo Oper\u00e1rio da Bahia, que proporcionava atividades culturais e recreativas, al\u00e9m de uma escola de of\u00edcio.<\/p>\n\n\n\n<p>Em 1949, acolheu no galinheiro situado ao lado do Convento Santo Ant\u00f4nio cerca de 70 doentes recolhidos das ruas de Salvador. O epis\u00f3dio \u00e9 considerado a origem da OSID (Obras Sociais Irm\u00e3 Dulce), institui\u00e7\u00e3o filantr\u00f3pica fundada por ela dez anos depois.<\/p>\n\n\n\n<p>O primeiro milagre atribu\u00eddo a ela e que lhe rendeu a beatifica\u00e7\u00e3o aconteceu em 2001, quando uma mulher havia sido desenganada pelos m\u00e9dicos depois de dar \u00e0 luz devido a um quadro grave de hemorragia.<\/p>\n\n\n\n<p>Al\u00e9m de Irm\u00e3 Dulce, outros quatro beatos ser\u00e3o canonizados no mesmo dia: John Henry Newman, Giuseppina Vannini, Maria Teresa Chiramel Mankidiyan e Margherita Bays.<\/p>\n\n\n\n<p>A canoniza\u00e7\u00e3o de Irm\u00e3 Dulce \u00e9 a terceira mais r\u00e1pida da hist\u00f3ria da Igreja Cat\u00f3lica a partir da data da morte: 27 anos ap\u00f3s seu falecimento, atr\u00e1s da santifica\u00e7\u00e3o do papa Jo\u00e3o Paulo II (9 anos ap\u00f3s sua morte) e de madre Teresa de Calcut\u00e1 (19 anos ap\u00f3s o falecimento).<\/p>\n","protected":false},"excerpt":{"rendered":"<p>Primeira mulher nascida no Brasil a virar santa, Irm\u00e3 Dulce ser\u00e1 canonizada no dia 13 de outubro em cerim\u00f4nia presidida pelo papa Francisco no Vaticano,&hellip; <\/p>\n","protected":false},"author":1,"featured_media":102953,"comment_status":"closed","ping_status":"closed","sticky":false,"template":"","format":"standard","meta":{"sfsi_plus_gutenberg_text_before_share":"","sfsi_plus_gutenberg_show_text_before_share":"","sfsi_plus_gutenberg_icon_type":"","sfsi_plus_gutenberg_icon_alignemt":"","sfsi_plus_gutenburg_max_per_row":"","footnotes":""},"categories":[2],"tags":[],"class_list":["post-102952","post","type-post","status-publish","format-standard","has-post-thumbnail","hentry","category-geral"],"_links":{"self":[{"href":"https:\/\/www.caririemacao.com\/1\/wp-json\/wp\/v2\/posts\/102952","targetHints":{"allow":["GET"]}}],"collection":[{"href":"https:\/\/www.caririemacao.com\/1\/wp-json\/wp\/v2\/posts"}],"about":[{"href":"https:\/\/www.caririemacao.com\/1\/wp-json\/wp\/v2\/types\/post"}],"author":[{"embeddable":true,"href":"https:\/\/www.caririemacao.com\/1\/wp-json\/wp\/v2\/users\/1"}],"replies":[{"embeddable":true,"href":"https:\/\/www.caririemacao.com\/1\/wp-json\/wp\/v2\/comments?post=102952"}],"version-history":[{"count":1,"href":"https:\/\/www.caririemacao.com\/1\/wp-json\/wp\/v2\/posts\/102952\/revisions"}],"predecessor-version":[{"id":102954,"href":"https:\/\/www.caririemacao.com\/1\/wp-json\/wp\/v2\/posts\/102952\/revisions\/102954"}],"wp:featuredmedia":[{"embeddable":true,"href":"https:\/\/www.caririemacao.com\/1\/wp-json\/wp\/v2\/media\/102953"}],"wp:attachment":[{"href":"https:\/\/www.caririemacao.com\/1\/wp-json\/wp\/v2\/media?parent=102952"}],"wp:term":[{"taxonomy":"category","embeddable":true,"href":"https:\/\/www.caririemacao.com\/1\/wp-json\/wp\/v2\/categories?post=102952"},{"taxonomy":"post_tag","embeddable":true,"href":"https:\/\/www.caririemacao.com\/1\/wp-json\/wp\/v2\/tags?post=102952"}],"curies":[{"name":"wp","href":"https:\/\/api.w.org\/{rel}","templated":true}]}}