{"id":102958,"date":"2019-07-01T14:10:31","date_gmt":"2019-07-01T17:10:31","guid":{"rendered":"http:\/\/www.caririemacao.com\/1\/?p=102958"},"modified":"2019-07-01T14:10:31","modified_gmt":"2019-07-01T17:10:31","slug":"nutricionista-alerta-sobre-insercao-de-industrializados-na-alimentacao-de-criancas","status":"publish","type":"post","link":"https:\/\/www.caririemacao.com\/1\/2019\/07\/01\/nutricionista-alerta-sobre-insercao-de-industrializados-na-alimentacao-de-criancas\/","title":{"rendered":"Nutricionista alerta sobre inser\u00e7\u00e3o de industrializados na alimenta\u00e7\u00e3o de crian\u00e7as"},"content":{"rendered":"\n<p><br>Pesquisas do Minist\u00e9rio da Sa\u00fade indicam que 12,9% das crian\u00e7as brasileiras de 5 a 9 anos s\u00e3o obesas. A nutricionista Patr\u00edcia Duarte falou sobre a obesidade infantil e as consequ\u00eancias da inser\u00e7\u00e3o de alimentos industrializados nas refei\u00e7\u00f5es das crian\u00e7as.<\/p>\n\n\n\n<p>\u2013 Quando falo de educa\u00e7\u00e3o nutricional para crian\u00e7as, um fator determinante \u00e9 o posicionamento dos pais ou respons\u00e1veis. A crian\u00e7a n\u00e3o tem autonomia para decidir qual alimento melhor para ela. Os embutidos s\u00e3o exemplos de alimentos ultraprocessados e, \u00e0s vezes, t\u00eam crian\u00e7as com seis meses de idade sendo expostas a alimentos industrializados. Se essas crian\u00e7as v\u00eam sendo expostas desde os primeiros anos de vida e chega aos cinco anos de idade com o peso inadequado para a altura \u00e9 mais dif\u00edcil reverter isso ao longo dos anos \u2013 alertou Patr\u00edcia.<\/p>\n\n\n\n<figure class=\"wp-block-image\"><img decoding=\"async\" data-src=\"https:\/\/paraibaonline.com.br\/wp-content\/uploads\/2019\/01\/obesidade_infantil.jpg\" alt=\"Foto: Marcello Casal Jr.\/Arquivo\/Ag\u00eancia Brasil\" class=\"wp-image-562325 lazyload\" src=\"data:image\/svg+xml;base64,PHN2ZyB3aWR0aD0iMSIgaGVpZ2h0PSIxIiB4bWxucz0iaHR0cDovL3d3dy53My5vcmcvMjAwMC9zdmciPjwvc3ZnPg==\" \/><\/figure>\n\n\n\n<p>Foto: Reprodu\u00e7\u00e3o<\/p>\n\n\n\n<p>A consequ\u00eancia da obesidade na inf\u00e2ncia para a vida adulta \u00e9 o aparecimento de doen\u00e7as cr\u00f4nicas, como, por exemplo, diabetes e hipertens\u00e3o.<\/p>\n\n\n\n<p>\u00c9 aconselh\u00e1vel as crian\u00e7as reduzirem o consumo de alimentos como refrigerantes, sucos de caixinha, biscoitos recheados, salsicha e hamb\u00farguer por serem ricos em s\u00f3dio, gordura e a\u00e7\u00facares refinados.<\/p>\n\n\n\n<p>*As informa\u00e7\u00f5es foram veiculadas na R\u00e1dio Cariri FM<\/p>\n","protected":false},"excerpt":{"rendered":"<p>Pesquisas do Minist\u00e9rio da Sa\u00fade indicam que 12,9% das crian\u00e7as brasileiras de 5 a 9 anos s\u00e3o obesas. A nutricionista Patr\u00edcia Duarte falou sobre a&hellip; <\/p>\n","protected":false},"author":1,"featured_media":102959,"comment_status":"closed","ping_status":"closed","sticky":false,"template":"","format":"standard","meta":{"sfsi_plus_gutenberg_text_before_share":"","sfsi_plus_gutenberg_show_text_before_share":"","sfsi_plus_gutenberg_icon_type":"","sfsi_plus_gutenberg_icon_alignemt":"","sfsi_plus_gutenburg_max_per_row":"","footnotes":""},"categories":[16],"tags":[],"class_list":["post-102958","post","type-post","status-publish","format-standard","has-post-thumbnail","hentry","category-saude"],"_links":{"self":[{"href":"https:\/\/www.caririemacao.com\/1\/wp-json\/wp\/v2\/posts\/102958","targetHints":{"allow":["GET"]}}],"collection":[{"href":"https:\/\/www.caririemacao.com\/1\/wp-json\/wp\/v2\/posts"}],"about":[{"href":"https:\/\/www.caririemacao.com\/1\/wp-json\/wp\/v2\/types\/post"}],"author":[{"embeddable":true,"href":"https:\/\/www.caririemacao.com\/1\/wp-json\/wp\/v2\/users\/1"}],"replies":[{"embeddable":true,"href":"https:\/\/www.caririemacao.com\/1\/wp-json\/wp\/v2\/comments?post=102958"}],"version-history":[{"count":1,"href":"https:\/\/www.caririemacao.com\/1\/wp-json\/wp\/v2\/posts\/102958\/revisions"}],"predecessor-version":[{"id":102960,"href":"https:\/\/www.caririemacao.com\/1\/wp-json\/wp\/v2\/posts\/102958\/revisions\/102960"}],"wp:featuredmedia":[{"embeddable":true,"href":"https:\/\/www.caririemacao.com\/1\/wp-json\/wp\/v2\/media\/102959"}],"wp:attachment":[{"href":"https:\/\/www.caririemacao.com\/1\/wp-json\/wp\/v2\/media?parent=102958"}],"wp:term":[{"taxonomy":"category","embeddable":true,"href":"https:\/\/www.caririemacao.com\/1\/wp-json\/wp\/v2\/categories?post=102958"},{"taxonomy":"post_tag","embeddable":true,"href":"https:\/\/www.caririemacao.com\/1\/wp-json\/wp\/v2\/tags?post=102958"}],"curies":[{"name":"wp","href":"https:\/\/api.w.org\/{rel}","templated":true}]}}