{"id":102972,"date":"2019-07-01T14:20:03","date_gmt":"2019-07-01T17:20:03","guid":{"rendered":"http:\/\/www.caririemacao.com\/1\/?p=102972"},"modified":"2019-07-01T14:20:03","modified_gmt":"2019-07-01T17:20:03","slug":"carro-usado-por-criminosos-que-mataram-policial-em-santa-cruz-e-encontrado-na-regiao-do-cariri","status":"publish","type":"post","link":"https:\/\/www.caririemacao.com\/1\/2019\/07\/01\/carro-usado-por-criminosos-que-mataram-policial-em-santa-cruz-e-encontrado-na-regiao-do-cariri\/","title":{"rendered":"Carro usado por criminosos que mataram policial em Santa Cruz \u00e9 encontrado na regi\u00e3o do Cariri"},"content":{"rendered":"\n<p>Um helic\u00f3ptero do Grupamento T\u00e1tico A\u00e9reo da Pol\u00edcia Militar localizou o ve\u00edculo usado por criminosos que assaltaram um supermercado na manh\u00e3 desta segunda-feira, 1\u00ba de julho, em Santa Cruz do Capibaribe. Na fuga os assaltantes mataram um policial militar e feriram outro durante troca de tiros.De acordo com as primeiras informa\u00e7\u00f5es, os elementos abandonaram o carro usado na a\u00e7\u00e3o criminosa em um matagal no munic\u00edpio de Riacho de Santo Ant\u00f4nio, na Para\u00edba. As pol\u00edcias de Pernambuco e da Para\u00edba seguem empenhadas na tentativa de capturar os criminosos.<strong>Policial morre e outro fica ferido em troca de tiros com criminosos em Santa Cruz do Capibaribe<\/strong><\/p>\n\n\n\n<div class=\"wp-block-image\"><figure class=\"aligncenter\"><img decoding=\"async\" data-src=\"http:\/\/deolhonocariri.com.br\/wp-content\/uploads\/2019\/07\/Policial-morre-e-outro-fica-ferido-em-troca-de-tiros-com-criminosos-em-Santa-Cruz-do-Capibaribe.-Blog-Merece-Destaque.jpg\" alt=\"\" class=\"wp-image-68639 lazyload\" src=\"data:image\/svg+xml;base64,PHN2ZyB3aWR0aD0iMSIgaGVpZ2h0PSIxIiB4bWxucz0iaHR0cDovL3d3dy53My5vcmcvMjAwMC9zdmciPjwvc3ZnPg==\" \/><\/figure><\/div>\n\n\n\n<p>Um policial Militar morreu e outro ficou ferido durante a persegui\u00e7\u00e3o da pol\u00edcia a criminosos com intensa troca de tiros na manh\u00e3 desta segunda-feira, 1\u00ba de julho, em Santa Cruz do Capibaribe.De acordo com informa\u00e7\u00f5es, os criminosos praticaram um assalto em um supermercado no Loteamento Dona Lica e a pol\u00edcia e policiais militares do 24\u00ba batalh\u00e3o iniciaram uma persegui\u00e7\u00e3o aos criminosos, houve troca de tiros e a viatura policial foi atingida por v\u00e1rios tiros, onde um policial morreu e um sargento ficou ferido.<strong>De Olho no Cariri&nbsp;<\/strong><em>Informa\u00e7\u00f5es Blog Merece Destaque<\/em><\/p>\n","protected":false},"excerpt":{"rendered":"<p>Um helic\u00f3ptero do Grupamento T\u00e1tico A\u00e9reo da Pol\u00edcia Militar localizou o ve\u00edculo usado por criminosos que assaltaram um supermercado na manh\u00e3 desta segunda-feira, 1\u00ba de&hellip; <\/p>\n","protected":false},"author":1,"featured_media":102973,"comment_status":"closed","ping_status":"closed","sticky":false,"template":"","format":"standard","meta":{"sfsi_plus_gutenberg_text_before_share":"","sfsi_plus_gutenberg_show_text_before_share":"","sfsi_plus_gutenberg_icon_type":"","sfsi_plus_gutenberg_icon_alignemt":"","sfsi_plus_gutenburg_max_per_row":"","footnotes":""},"categories":[50,12],"tags":[],"class_list":["post-102972","post","type-post","status-publish","format-standard","has-post-thumbnail","hentry","category-destaque","category-policia"],"_links":{"self":[{"href":"https:\/\/www.caririemacao.com\/1\/wp-json\/wp\/v2\/posts\/102972","targetHints":{"allow":["GET"]}}],"collection":[{"href":"https:\/\/www.caririemacao.com\/1\/wp-json\/wp\/v2\/posts"}],"about":[{"href":"https:\/\/www.caririemacao.com\/1\/wp-json\/wp\/v2\/types\/post"}],"author":[{"embeddable":true,"href":"https:\/\/www.caririemacao.com\/1\/wp-json\/wp\/v2\/users\/1"}],"replies":[{"embeddable":true,"href":"https:\/\/www.caririemacao.com\/1\/wp-json\/wp\/v2\/comments?post=102972"}],"version-history":[{"count":1,"href":"https:\/\/www.caririemacao.com\/1\/wp-json\/wp\/v2\/posts\/102972\/revisions"}],"predecessor-version":[{"id":102974,"href":"https:\/\/www.caririemacao.com\/1\/wp-json\/wp\/v2\/posts\/102972\/revisions\/102974"}],"wp:featuredmedia":[{"embeddable":true,"href":"https:\/\/www.caririemacao.com\/1\/wp-json\/wp\/v2\/media\/102973"}],"wp:attachment":[{"href":"https:\/\/www.caririemacao.com\/1\/wp-json\/wp\/v2\/media?parent=102972"}],"wp:term":[{"taxonomy":"category","embeddable":true,"href":"https:\/\/www.caririemacao.com\/1\/wp-json\/wp\/v2\/categories?post=102972"},{"taxonomy":"post_tag","embeddable":true,"href":"https:\/\/www.caririemacao.com\/1\/wp-json\/wp\/v2\/tags?post=102972"}],"curies":[{"name":"wp","href":"https:\/\/api.w.org\/{rel}","templated":true}]}}