{"id":102978,"date":"2019-07-01T16:06:19","date_gmt":"2019-07-01T19:06:19","guid":{"rendered":"http:\/\/www.caririemacao.com\/1\/?p=102978"},"modified":"2019-07-01T16:06:19","modified_gmt":"2019-07-01T19:06:19","slug":"sao-pedro-da-salina-e-sucesso-em-sao-sebastiao-do-umbuzeiro","status":"publish","type":"post","link":"https:\/\/www.caririemacao.com\/1\/2019\/07\/01\/sao-pedro-da-salina-e-sucesso-em-sao-sebastiao-do-umbuzeiro\/","title":{"rendered":"S\u00e3o Pedro da Salina \u00e9 sucesso em S\u00e3o Sebasti\u00e3o do Umbuzeiro"},"content":{"rendered":"\n<figure class=\"wp-block-image\"><img decoding=\"async\" data-src=\"https:\/\/lh3.googleusercontent.com\/proxy\/G-60PTqNzkiKaION8VjEL58A4F7Sm76lpWsJTBBi72HOTXfil6wA1iqAsrqvL_RSXgQzTDDyY8c5WTOLcdPmdXBQLjzmo90dLCm-8nSPMswQYSQU5d_dMPoRkIMINq3JlZG0oK51OzsmO19IxHAkyiP_pVo86BAiv6WLNpc=s0-d\" alt=\"\" src=\"data:image\/svg+xml;base64,PHN2ZyB3aWR0aD0iMSIgaGVpZ2h0PSIxIiB4bWxucz0iaHR0cDovL3d3dy53My5vcmcvMjAwMC9zdmciPjwvc3ZnPg==\" class=\"lazyload\" \/><\/figure>\n\n\n\n<p>Um sucesso. Assim foi a 7\u00aa edi\u00e7\u00e3o da festa de S\u00e3o Pedro, realizada em S\u00e3o Sebasti\u00e3o do Umbuzeiro, no \u00faltimo dia 28 de junho, onde um grande p\u00fablico prestigiou o evento que superou as expectativas da organiza\u00e7\u00e3o.<br>A 7\u00aa edi\u00e7\u00e3o do S\u00e3o Pedro trouxe uma programa\u00e7\u00e3o com atra\u00e7\u00f5es conhecidas na regi\u00e3o, como Ot\u00e1vio do Acordeon e Henrique dos Teclados, Welton Silva, Farra 1000 e Claudenir Fernandes.<br>&nbsp;\u201cAcredit\u00e1vamos no sucesso da festa e assim foi. \u201cEu e minha fam\u00edlia, somos muito unidos e trabalhamos juntos, ent\u00e3o o resultado n\u00e3o poderia ser outro. Agrade\u00e7o a Deus, e a todos que prestigiaram a festa\u201d, ressaltou Anailton.<br>O evento teve a organiza\u00e7\u00e3o de Anailton Produ\u00e7\u00f5es e fam\u00edlia com o apoio total da Prefeitura Municipal de S\u00e3o Sebasti\u00e3o do Umbuzeiro.<br><strong>Com BLOG DO DIDI<\/strong><\/p>\n","protected":false},"excerpt":{"rendered":"<p>Um sucesso. Assim foi a 7\u00aa edi\u00e7\u00e3o da festa de S\u00e3o Pedro, realizada em S\u00e3o Sebasti\u00e3o do Umbuzeiro, no \u00faltimo dia 28 de junho, onde&hellip; <\/p>\n","protected":false},"author":1,"featured_media":102979,"comment_status":"closed","ping_status":"closed","sticky":false,"template":"","format":"standard","meta":{"sfsi_plus_gutenberg_text_before_share":"","sfsi_plus_gutenberg_show_text_before_share":"","sfsi_plus_gutenberg_icon_type":"","sfsi_plus_gutenberg_icon_alignemt":"","sfsi_plus_gutenburg_max_per_row":"","footnotes":""},"categories":[6],"tags":[],"class_list":["post-102978","post","type-post","status-publish","format-standard","has-post-thumbnail","hentry","category-cidades"],"_links":{"self":[{"href":"https:\/\/www.caririemacao.com\/1\/wp-json\/wp\/v2\/posts\/102978","targetHints":{"allow":["GET"]}}],"collection":[{"href":"https:\/\/www.caririemacao.com\/1\/wp-json\/wp\/v2\/posts"}],"about":[{"href":"https:\/\/www.caririemacao.com\/1\/wp-json\/wp\/v2\/types\/post"}],"author":[{"embeddable":true,"href":"https:\/\/www.caririemacao.com\/1\/wp-json\/wp\/v2\/users\/1"}],"replies":[{"embeddable":true,"href":"https:\/\/www.caririemacao.com\/1\/wp-json\/wp\/v2\/comments?post=102978"}],"version-history":[{"count":1,"href":"https:\/\/www.caririemacao.com\/1\/wp-json\/wp\/v2\/posts\/102978\/revisions"}],"predecessor-version":[{"id":102980,"href":"https:\/\/www.caririemacao.com\/1\/wp-json\/wp\/v2\/posts\/102978\/revisions\/102980"}],"wp:featuredmedia":[{"embeddable":true,"href":"https:\/\/www.caririemacao.com\/1\/wp-json\/wp\/v2\/media\/102979"}],"wp:attachment":[{"href":"https:\/\/www.caririemacao.com\/1\/wp-json\/wp\/v2\/media?parent=102978"}],"wp:term":[{"taxonomy":"category","embeddable":true,"href":"https:\/\/www.caririemacao.com\/1\/wp-json\/wp\/v2\/categories?post=102978"},{"taxonomy":"post_tag","embeddable":true,"href":"https:\/\/www.caririemacao.com\/1\/wp-json\/wp\/v2\/tags?post=102978"}],"curies":[{"name":"wp","href":"https:\/\/api.w.org\/{rel}","templated":true}]}}