{"id":102984,"date":"2019-07-01T16:14:02","date_gmt":"2019-07-01T19:14:02","guid":{"rendered":"http:\/\/www.caririemacao.com\/1\/?p=102984"},"modified":"2019-07-01T16:14:02","modified_gmt":"2019-07-01T19:14:02","slug":"prefeitura-de-sume-faz-balanco-das-acoes-da-campanha-contra-o-trabalho-infantil","status":"publish","type":"post","link":"https:\/\/www.caririemacao.com\/1\/2019\/07\/01\/prefeitura-de-sume-faz-balanco-das-acoes-da-campanha-contra-o-trabalho-infantil\/","title":{"rendered":"Prefeitura de Sum\u00e9 faz balan\u00e7o das a\u00e7\u00f5es da Campanha Contra o Trabalho Infantil"},"content":{"rendered":"\n<p>A Prefeitura de Sum\u00e9 encerrou o ciclo de palestras da Campanha Contra o Trabalho Infantil que fez no m\u00eas de junho nas escolas da rede municipal de ensino, creches, unidades b\u00e1sicas de sa\u00fade e tamb\u00e9m durante as festividades juninas do munic\u00edpio. <\/p>\n\n\n\n<p>Foram realizadas a\u00e7\u00f5es educativas em prol das crian\u00e7as e adolescentes, as equipes estiveram presentes nas escolas Presidente Vargas,  Gon\u00e7ala Rodrigues de Freitas, Maria Leite Rafael, Z\u00e9lia Br\u00e1s, Padre Paulo Roberto de Oliveira e na Escola Agrot\u00e9cnica Deputado Evaldo Gon\u00e7alves de Queiroz, al\u00e9m das palestras, teve ciclo de debates e tira-d\u00favidas com os alunos.<\/p>\n\n\n\n<p>Durante as atividades houve a participa\u00e7\u00e3o dos instrutores da Cia. Filhos da Dan\u00e7a de Sum\u00e9 e apresenta\u00e7\u00e3o de flauta das crian\u00e7as que participam do projeto Casa da M\u00f4nica.<\/p>\n\n\n\n<p>Tamb\u00e9m foi feito um acompanhamento com os pais que tem filhos na Creche Anita Garibaldi Mendon\u00e7a Raphael e na Creche Rita Cipriano, buscando alertar sobre os malef\u00edcios causados \u00e0s crian\u00e7as e adolescentes que deixam de estudar para trabalhar. <\/p>\n\n\n\n<p>Finalizando, a psic\u00f3loga do Creas, Adriana Ramos, tamb\u00e9m realizou um ciclo de conversa com o grupo de gestantes do munic\u00edpio, em car\u00e1ter informativo e apresentou o curta metragem \u201cVida Maria\u201d, que mostra a hist\u00f3ria da rotina da personagem \u201cMaria Jos\u00e9\u201d, uma menina de cinco anos de idade que \u00e9 obrigada pela m\u00e3e a abandonar os estudos para cuidar dos afazeres dom\u00e9sticos e a trabalhar na ro\u00e7a, mostrando que, se n\u00e3o combatido, o trabalho infantil se reproduz como um ciclo nas fam\u00edlias, passando para as demais gera\u00e7\u00f5es.<\/p>\n\n\n\n<p>Orientamos que toda a popula\u00e7\u00e3o pode contribuir significativamente para a efetiva\u00e7\u00e3o dos direitos da crian\u00e7a e do adolescente, denunciando qualquer viola\u00e7\u00e3o atrav\u00e9s do disque 123, disque 100, ou diretamente no Conselho Tutelar do munic\u00edpio\u201d, explicou Francismere Passos, coordenadora do Creas.<\/p>\n\n\n\n<p>Ascom PMS<\/p>\n","protected":false},"excerpt":{"rendered":"<p>A Prefeitura de Sum\u00e9 encerrou o ciclo de palestras da Campanha Contra o Trabalho Infantil que fez no m\u00eas de junho nas escolas da rede&hellip; <\/p>\n","protected":false},"author":1,"featured_media":102985,"comment_status":"closed","ping_status":"closed","sticky":false,"template":"","format":"standard","meta":{"sfsi_plus_gutenberg_text_before_share":"","sfsi_plus_gutenberg_show_text_before_share":"","sfsi_plus_gutenberg_icon_type":"","sfsi_plus_gutenberg_icon_alignemt":"","sfsi_plus_gutenburg_max_per_row":"","footnotes":""},"categories":[50,2],"tags":[],"class_list":["post-102984","post","type-post","status-publish","format-standard","has-post-thumbnail","hentry","category-destaque","category-geral"],"_links":{"self":[{"href":"https:\/\/www.caririemacao.com\/1\/wp-json\/wp\/v2\/posts\/102984","targetHints":{"allow":["GET"]}}],"collection":[{"href":"https:\/\/www.caririemacao.com\/1\/wp-json\/wp\/v2\/posts"}],"about":[{"href":"https:\/\/www.caririemacao.com\/1\/wp-json\/wp\/v2\/types\/post"}],"author":[{"embeddable":true,"href":"https:\/\/www.caririemacao.com\/1\/wp-json\/wp\/v2\/users\/1"}],"replies":[{"embeddable":true,"href":"https:\/\/www.caririemacao.com\/1\/wp-json\/wp\/v2\/comments?post=102984"}],"version-history":[{"count":1,"href":"https:\/\/www.caririemacao.com\/1\/wp-json\/wp\/v2\/posts\/102984\/revisions"}],"predecessor-version":[{"id":102986,"href":"https:\/\/www.caririemacao.com\/1\/wp-json\/wp\/v2\/posts\/102984\/revisions\/102986"}],"wp:featuredmedia":[{"embeddable":true,"href":"https:\/\/www.caririemacao.com\/1\/wp-json\/wp\/v2\/media\/102985"}],"wp:attachment":[{"href":"https:\/\/www.caririemacao.com\/1\/wp-json\/wp\/v2\/media?parent=102984"}],"wp:term":[{"taxonomy":"category","embeddable":true,"href":"https:\/\/www.caririemacao.com\/1\/wp-json\/wp\/v2\/categories?post=102984"},{"taxonomy":"post_tag","embeddable":true,"href":"https:\/\/www.caririemacao.com\/1\/wp-json\/wp\/v2\/tags?post=102984"}],"curies":[{"name":"wp","href":"https:\/\/api.w.org\/{rel}","templated":true}]}}