{"id":102993,"date":"2019-07-01T22:49:58","date_gmt":"2019-07-02T01:49:58","guid":{"rendered":"http:\/\/www.caririemacao.com\/1\/?p=102993"},"modified":"2019-07-01T22:49:58","modified_gmt":"2019-07-02T01:49:58","slug":"deputado-moacir-rodrigues-participa-de-reuniao-com-irrigantes-de-sume","status":"publish","type":"post","link":"https:\/\/www.caririemacao.com\/1\/2019\/07\/01\/deputado-moacir-rodrigues-participa-de-reuniao-com-irrigantes-de-sume\/","title":{"rendered":"Deputado Moacir Rodrigues participa de reuni\u00e3o com irrigantes de Sum\u00e9"},"content":{"rendered":"\n<p>O deputado estadual, Moacir Rodrigues (PSL), esteve na manh\u00e3\ndesta segunda-feira, dia 01, participando de uma importante reuni\u00e3o com os irrigantes\ndo Per\u00edmetro do Dnocs em Sum\u00e9.<\/p>\n\n\n\n<p>Segundo o deputado Moacir, o objetivo da reuni\u00e3o serviu para mobilizar e fortalecer o projeto de revitaliza\u00e7\u00e3o baseada na integra\u00e7\u00e3o das bacias dos a\u00e7udes de S\u00e3o Jos\u00e9 em Monteiro com o a\u00e7ude de Sum\u00e9.<\/p>\n\n\n\n<figure class=\"wp-block-image\"><img fetchpriority=\"high\" decoding=\"async\" width=\"1024\" height=\"682\" src=\"http:\/\/www.caririemacao.com\/1\/wp-content\/uploads\/2019\/07\/DSC_0043-1024x682.jpg\" alt=\"\" class=\"wp-image-102995\" srcset=\"https:\/\/www.caririemacao.com\/1\/wp-content\/uploads\/2019\/07\/DSC_0043-1024x682.jpg 1024w, https:\/\/www.caririemacao.com\/1\/wp-content\/uploads\/2019\/07\/DSC_0043-300x200.jpg 300w, https:\/\/www.caririemacao.com\/1\/wp-content\/uploads\/2019\/07\/DSC_0043-768x512.jpg 768w, https:\/\/www.caririemacao.com\/1\/wp-content\/uploads\/2019\/07\/DSC_0043.jpg 1280w\" sizes=\"(max-width: 1024px) 100vw, 1024px\" \/><\/figure>\n\n\n\n<p>Al\u00e9m do deputado, tamb\u00e9m estiveram presentes o presidente da\nCooperativa dos Irrigantes, Lourinaldo Martins de Oliveira (Louro), professor\nNaldinho de Siba e v\u00e1rios membros da entidade, e do presidente do Conselho\nMunicipal de Desenvolvimento Sustent\u00e1vel Rural, Vital.<\/p>\n\n\n\n<p>Moacir ainda destacou que existe uma articula\u00e7\u00e3o junto ao governo federal para somar for\u00e7as na execu\u00e7\u00e3o deste projeto e que busca a cada dia trabalhar para honrar seu mandato de deputado estadual.<\/p>\n\n\n\n<figure class=\"wp-block-image\"><img decoding=\"async\" width=\"1024\" height=\"682\" data-src=\"http:\/\/www.caririemacao.com\/1\/wp-content\/uploads\/2019\/07\/DSC_0064-1024x682.jpg\" alt=\"\" class=\"wp-image-102996 lazyload\" data-srcset=\"https:\/\/www.caririemacao.com\/1\/wp-content\/uploads\/2019\/07\/DSC_0064-1024x682.jpg 1024w, https:\/\/www.caririemacao.com\/1\/wp-content\/uploads\/2019\/07\/DSC_0064-300x200.jpg 300w, https:\/\/www.caririemacao.com\/1\/wp-content\/uploads\/2019\/07\/DSC_0064-768x512.jpg 768w, https:\/\/www.caririemacao.com\/1\/wp-content\/uploads\/2019\/07\/DSC_0064.jpg 1280w\" data-sizes=\"(max-width: 1024px) 100vw, 1024px\" src=\"data:image\/svg+xml;base64,PHN2ZyB3aWR0aD0iMSIgaGVpZ2h0PSIxIiB4bWxucz0iaHR0cDovL3d3dy53My5vcmcvMjAwMC9zdmciPjwvc3ZnPg==\" style=\"--smush-placeholder-width: 1024px; --smush-placeholder-aspect-ratio: 1024\/682;\" \/><\/figure>\n\n\n\n<p>&#8220;Vamos trabalhar para que o nosso esfor\u00e7o e de todos resulte em uma irriga\u00e7\u00e3o eficiente e que Sum\u00e9 possa ter, em breve, a revitaliza\u00e7\u00e3o do per\u00edmetro irrigado&#8221;, concluiu.<\/p>\n","protected":false},"excerpt":{"rendered":"<p>O deputado estadual, Moacir Rodrigues (PSL), esteve na manh\u00e3 desta segunda-feira, dia 01, participando de uma importante reuni\u00e3o com os irrigantes do Per\u00edmetro do Dnocs&hellip; <\/p>\n","protected":false},"author":2,"featured_media":102994,"comment_status":"closed","ping_status":"closed","sticky":false,"template":"","format":"standard","meta":{"sfsi_plus_gutenberg_text_before_share":"","sfsi_plus_gutenberg_show_text_before_share":"","sfsi_plus_gutenberg_icon_type":"","sfsi_plus_gutenberg_icon_alignemt":"","sfsi_plus_gutenburg_max_per_row":"","footnotes":""},"categories":[50,11],"tags":[],"class_list":["post-102993","post","type-post","status-publish","format-standard","has-post-thumbnail","hentry","category-destaque","category-politica"],"_links":{"self":[{"href":"https:\/\/www.caririemacao.com\/1\/wp-json\/wp\/v2\/posts\/102993","targetHints":{"allow":["GET"]}}],"collection":[{"href":"https:\/\/www.caririemacao.com\/1\/wp-json\/wp\/v2\/posts"}],"about":[{"href":"https:\/\/www.caririemacao.com\/1\/wp-json\/wp\/v2\/types\/post"}],"author":[{"embeddable":true,"href":"https:\/\/www.caririemacao.com\/1\/wp-json\/wp\/v2\/users\/2"}],"replies":[{"embeddable":true,"href":"https:\/\/www.caririemacao.com\/1\/wp-json\/wp\/v2\/comments?post=102993"}],"version-history":[{"count":1,"href":"https:\/\/www.caririemacao.com\/1\/wp-json\/wp\/v2\/posts\/102993\/revisions"}],"predecessor-version":[{"id":102997,"href":"https:\/\/www.caririemacao.com\/1\/wp-json\/wp\/v2\/posts\/102993\/revisions\/102997"}],"wp:featuredmedia":[{"embeddable":true,"href":"https:\/\/www.caririemacao.com\/1\/wp-json\/wp\/v2\/media\/102994"}],"wp:attachment":[{"href":"https:\/\/www.caririemacao.com\/1\/wp-json\/wp\/v2\/media?parent=102993"}],"wp:term":[{"taxonomy":"category","embeddable":true,"href":"https:\/\/www.caririemacao.com\/1\/wp-json\/wp\/v2\/categories?post=102993"},{"taxonomy":"post_tag","embeddable":true,"href":"https:\/\/www.caririemacao.com\/1\/wp-json\/wp\/v2\/tags?post=102993"}],"curies":[{"name":"wp","href":"https:\/\/api.w.org\/{rel}","templated":true}]}}