{"id":103006,"date":"2019-07-02T07:07:02","date_gmt":"2019-07-02T10:07:02","guid":{"rendered":"http:\/\/www.caririemacao.com\/1\/?p=103006"},"modified":"2019-07-02T07:07:02","modified_gmt":"2019-07-02T10:07:02","slug":"petrobras-reajusta-preco-de-diesel-a-partir-desta-terca-feira-nas-refinarias","status":"publish","type":"post","link":"https:\/\/www.caririemacao.com\/1\/2019\/07\/02\/petrobras-reajusta-preco-de-diesel-a-partir-desta-terca-feira-nas-refinarias\/","title":{"rendered":"Petrobras reajusta pre\u00e7o de diesel a partir desta ter\u00e7a-feira nas refinarias"},"content":{"rendered":"\n<p>A\u00a0Petrobras elevar\u00e1 o pre\u00e7o m\u00e9dio do diesel em suas refinarias em R$ 0,0810 por litro a partir de ter\u00e7a-feira (2), um reajuste de 3,9%, para um valor m\u00e9dio de R$ 2,1474 litro, enquanto o pre\u00e7o da gasolina segue inalterado, informou a estatal em seu site nesta segunda-feira (1\u00ba).<\/p>\n\n\n\n<p>O reajuste \u00e9 o primeiro no diesel desde 13 de junho, quando a empresa havia reduzido a cota\u00e7\u00e3o m\u00e9dia em 4,6% e anunciado uma altera\u00e7\u00e3o em sua pol\u00edtica de pre\u00e7os, que deixou de ter periodicidade definida para os reajustes.<\/p>\n\n\n\n<p>O movimento nos pre\u00e7os nesta segunda-feira segue-se a uma alta na cota\u00e7\u00e3o do petr\u00f3leo no mercado internacional desde o \u00faltimo reajuste.<\/p>\n\n\n\n<p>A Petrobras tem afirmado que sua pol\u00edtica \u00e9 alinhada ao mercado internacional, acompanhando fatores como os valores do barril do Brent, refer\u00eancia global, e a taxa de c\u00e2mbio.<\/p>\n\n\n\n<p>A gasolina, por sua vez, segue com pre\u00e7o m\u00e9dio de R$ 1,7595 por litro, valor em vig\u00eancia desde 11 de junho, quando os pre\u00e7os haviam sido reduzidos em 3%.<\/p>\n","protected":false},"excerpt":{"rendered":"<p>A\u00a0Petrobras elevar\u00e1 o pre\u00e7o m\u00e9dio do diesel em suas refinarias em R$ 0,0810 por litro a partir de ter\u00e7a-feira (2), um reajuste de 3,9%, para&hellip; <\/p>\n","protected":false},"author":1,"featured_media":103007,"comment_status":"closed","ping_status":"closed","sticky":false,"template":"","format":"standard","meta":{"sfsi_plus_gutenberg_text_before_share":"","sfsi_plus_gutenberg_show_text_before_share":"","sfsi_plus_gutenberg_icon_type":"","sfsi_plus_gutenberg_icon_alignemt":"","sfsi_plus_gutenburg_max_per_row":"","footnotes":""},"categories":[2],"tags":[],"class_list":["post-103006","post","type-post","status-publish","format-standard","has-post-thumbnail","hentry","category-geral"],"_links":{"self":[{"href":"https:\/\/www.caririemacao.com\/1\/wp-json\/wp\/v2\/posts\/103006","targetHints":{"allow":["GET"]}}],"collection":[{"href":"https:\/\/www.caririemacao.com\/1\/wp-json\/wp\/v2\/posts"}],"about":[{"href":"https:\/\/www.caririemacao.com\/1\/wp-json\/wp\/v2\/types\/post"}],"author":[{"embeddable":true,"href":"https:\/\/www.caririemacao.com\/1\/wp-json\/wp\/v2\/users\/1"}],"replies":[{"embeddable":true,"href":"https:\/\/www.caririemacao.com\/1\/wp-json\/wp\/v2\/comments?post=103006"}],"version-history":[{"count":1,"href":"https:\/\/www.caririemacao.com\/1\/wp-json\/wp\/v2\/posts\/103006\/revisions"}],"predecessor-version":[{"id":103008,"href":"https:\/\/www.caririemacao.com\/1\/wp-json\/wp\/v2\/posts\/103006\/revisions\/103008"}],"wp:featuredmedia":[{"embeddable":true,"href":"https:\/\/www.caririemacao.com\/1\/wp-json\/wp\/v2\/media\/103007"}],"wp:attachment":[{"href":"https:\/\/www.caririemacao.com\/1\/wp-json\/wp\/v2\/media?parent=103006"}],"wp:term":[{"taxonomy":"category","embeddable":true,"href":"https:\/\/www.caririemacao.com\/1\/wp-json\/wp\/v2\/categories?post=103006"},{"taxonomy":"post_tag","embeddable":true,"href":"https:\/\/www.caririemacao.com\/1\/wp-json\/wp\/v2\/tags?post=103006"}],"curies":[{"name":"wp","href":"https:\/\/api.w.org\/{rel}","templated":true}]}}