{"id":103010,"date":"2019-07-02T07:12:35","date_gmt":"2019-07-02T10:12:35","guid":{"rendered":"http:\/\/www.caririemacao.com\/1\/?p=103010"},"modified":"2019-07-02T07:12:35","modified_gmt":"2019-07-02T10:12:35","slug":"mec-divulga-hoje-resultado-da-segunda-chamada-do-prouni","status":"publish","type":"post","link":"https:\/\/www.caririemacao.com\/1\/2019\/07\/02\/mec-divulga-hoje-resultado-da-segunda-chamada-do-prouni\/","title":{"rendered":"MEC divulga hoje resultado da segunda chamada do ProUni"},"content":{"rendered":"\n<p>O Minist\u00e9rio da Educa\u00e7\u00e3o (MEC) divulga hoje (2) o resultado da segunda chamada do Programa Universidade para Todos (ProUni) na&nbsp;<a href=\"http:\/\/siteprouni.mec.gov.br\/\" target=\"_blank\" rel=\"noreferrer noopener\">p\u00e1gina do programa<\/a>. Para assegurar a bolsa de estudos, os estudantes que foram selecionados devem, a partir desta ter\u00e7a-feira, ir \u00e0s institui\u00e7\u00f5es de ensino e comprovar as informa\u00e7\u00f5es fornecidas na hora da inscri\u00e7\u00e3o.<br><br>No&nbsp;<em>site<\/em>&nbsp;do ProUni est\u00e1 dispon\u00edvel a&nbsp;<a href=\"http:\/\/siteprouni.mec.gov.br\/documentacao.php\" target=\"_blank\" rel=\"noreferrer noopener\">lista da documenta\u00e7\u00e3o<\/a>&nbsp;necess\u00e1ria. Cabe aos estudantes verificar, nas institui\u00e7\u00f5es de ensino para as quais foram selecionados, os hor\u00e1rios e o local de comparecimento para a aferi\u00e7\u00e3o das informa\u00e7\u00f5es. O prazo para que isso seja feito vai at\u00e9 o dia 8 deste m\u00eas.<\/p>\n\n\n\n<p>Aqueles que n\u00e3o foram selecionados podem ainda participar da lista de espera nos dias 15 e 16 de julho.<\/p>\n\n\n\n<h2 class=\"wp-block-heading\">ProUni<\/h2>\n\n\n\n<p>Ao todo, ser\u00e3o ofertadas para o segundo semestre deste ano 169.226 bolsas de estudo em institui\u00e7\u00f5es particulares de ensino superior, sendo 68.087 bolsas integrais, de 100% do valor da mensalidade, e 101.139 parciais, que cobrem 50% do valor.<br><br>As bolsas integrais s\u00e3o destinadas a estudantes com renda familiar bruta&nbsp;<em>per capita<\/em>&nbsp;de at\u00e9 1,5 sal\u00e1rio m\u00ednimo. As bolsas parciais contemplam os candidatos que t\u00eam renda familiar bruta&nbsp;<em>per capita<\/em>&nbsp;de at\u00e9 3 sal\u00e1rios m\u00ednimos.<\/p>\n\n\n\n<h2 class=\"wp-block-heading\">Quem pode participar<\/h2>\n\n\n\n<p>Podem participar do ProUni candidatos que n\u00e3o tenham diploma de curso superior e que tenham participado do Exame Nacional do Ensino M\u00e9dio (Enem) 2018. Al\u00e9m disso, os estudantes precisam ter cursado o ensino m\u00e9dio completo em escola p\u00fablica ou em institui\u00e7\u00e3o privada como bolsista integral.<br><br>\u00c9 preciso ter obtido no m\u00ednimo 450 pontos na m\u00e9dia aritm\u00e9tica das notas obtidas nas provas do Enem.<\/p>\n\n\n\n<p>O c\u00e1lculo \u00e9 feito a partir da soma das notas das cinco provas, dividida por cinco. Outra exig\u00eancia \u00e9 de que o aluno n\u00e3o tenha tirado zero na reda\u00e7\u00e3o.<br><br>Tamb\u00e9m podem se inscrever no programa estudantes com defici\u00eancia e professores da rede p\u00fablica.<\/p>\n","protected":false},"excerpt":{"rendered":"<p>O Minist\u00e9rio da Educa\u00e7\u00e3o (MEC) divulga hoje (2) o resultado da segunda chamada do Programa Universidade para Todos (ProUni) na&nbsp;p\u00e1gina do programa. Para assegurar a&hellip; <\/p>\n","protected":false},"author":1,"featured_media":103011,"comment_status":"closed","ping_status":"closed","sticky":false,"template":"","format":"standard","meta":{"sfsi_plus_gutenberg_text_before_share":"","sfsi_plus_gutenberg_show_text_before_share":"","sfsi_plus_gutenberg_icon_type":"","sfsi_plus_gutenberg_icon_alignemt":"","sfsi_plus_gutenburg_max_per_row":"","footnotes":""},"categories":[14],"tags":[],"class_list":["post-103010","post","type-post","status-publish","format-standard","has-post-thumbnail","hentry","category-educacao"],"_links":{"self":[{"href":"https:\/\/www.caririemacao.com\/1\/wp-json\/wp\/v2\/posts\/103010","targetHints":{"allow":["GET"]}}],"collection":[{"href":"https:\/\/www.caririemacao.com\/1\/wp-json\/wp\/v2\/posts"}],"about":[{"href":"https:\/\/www.caririemacao.com\/1\/wp-json\/wp\/v2\/types\/post"}],"author":[{"embeddable":true,"href":"https:\/\/www.caririemacao.com\/1\/wp-json\/wp\/v2\/users\/1"}],"replies":[{"embeddable":true,"href":"https:\/\/www.caririemacao.com\/1\/wp-json\/wp\/v2\/comments?post=103010"}],"version-history":[{"count":1,"href":"https:\/\/www.caririemacao.com\/1\/wp-json\/wp\/v2\/posts\/103010\/revisions"}],"predecessor-version":[{"id":103012,"href":"https:\/\/www.caririemacao.com\/1\/wp-json\/wp\/v2\/posts\/103010\/revisions\/103012"}],"wp:featuredmedia":[{"embeddable":true,"href":"https:\/\/www.caririemacao.com\/1\/wp-json\/wp\/v2\/media\/103011"}],"wp:attachment":[{"href":"https:\/\/www.caririemacao.com\/1\/wp-json\/wp\/v2\/media?parent=103010"}],"wp:term":[{"taxonomy":"category","embeddable":true,"href":"https:\/\/www.caririemacao.com\/1\/wp-json\/wp\/v2\/categories?post=103010"},{"taxonomy":"post_tag","embeddable":true,"href":"https:\/\/www.caririemacao.com\/1\/wp-json\/wp\/v2\/tags?post=103010"}],"curies":[{"name":"wp","href":"https:\/\/api.w.org\/{rel}","templated":true}]}}