{"id":103017,"date":"2019-07-02T07:22:04","date_gmt":"2019-07-02T10:22:04","guid":{"rendered":"http:\/\/www.caririemacao.com\/1\/?p=103017"},"modified":"2019-07-02T07:22:04","modified_gmt":"2019-07-02T10:22:04","slug":"fotografo-uruguaio-se-dedica-a-registrar-indigenas-brasileiros","status":"publish","type":"post","link":"https:\/\/www.caririemacao.com\/1\/2019\/07\/02\/fotografo-uruguaio-se-dedica-a-registrar-indigenas-brasileiros\/","title":{"rendered":"Fot\u00f3grafo uruguaio se dedica a registrar ind\u00edgenas brasileiros"},"content":{"rendered":"\n<p>Pablo Albarenga \u00e9 um fot\u00f3grafo uruguaio, de 29 anos, que se apaixonou pela causa ind\u00edgena brasileira e, desde outubro de 2016, dedica-se a registrar o cotidiano e a luta desses povos. &#8220;\u00c9 um momento importante para trabalhar, h\u00e1 muitas hist\u00f3rias para serem contadas e tomara que muitas se somem a essa luta t\u00e3o justa e necess\u00e1ria&#8221;, disse \u00e0&nbsp;<strong>Ag\u00eancia Brasil<\/strong>.<\/p>\n\n\n\n<p>A vida do fot\u00f3grafo mudou completamente nos \u00faltimos anos. A guinada come\u00e7ou em 2015 quando, em um curso de fotorreportagem, o professor lhe mostrou imagens que tinha captado 20 anos antes, em uma comunidade ind\u00edgena da etnia Guarani, no Paraguai.<\/p>\n\n\n\n<p>&#8220;Aquelas fotos foram surpreendentes e muito importantes para mim, porque pela primeira vez eu estava vendo imagens de ind\u00edgenas que rompiam com o estere\u00f3tipo que eu tinha constru\u00eddo. Eles estavam com roupas ocidentais, rel\u00f3gios. Na cultura popular do Uruguai, a imagem constru\u00edda socialmente de um ind\u00edgena difere muito disso. \u00c9 uma imagem que se aproxima mais de algo que voc\u00ea poderia encontrar em um museu, de um ind\u00edgena que segue pelado e descal\u00e7o e sem nenhum tipo de acesso \u00e0 tecnologia&#8221;.<\/p>\n\n\n\n<p>Nascido em Montevid\u00e9u, Albarenga afirma que, assim como ele, muitas pessoas que vivem na cidade tendem a perceber a pr\u00f3pria realidade como se fosse de todo pa\u00eds: &#8220;Estive em v\u00e1rias cidades do Brasil e conversei com pessoas que n\u00e3o tinham a menor ideia da situa\u00e7\u00e3o dos ind\u00edgenas [que vivem] a poucos quil\u00f4metros. Essa brecha que nos separa, entre a cidade e o campo, n\u00e3o nos permite saber o que est\u00e1 passando l\u00e1 na outra ponta.&#8221;<\/p>\n\n\n\n<p>Nos \u00faltimos tr\u00eas anos, o uruguaio tem viajado pelo Brasil e acompanhado a quest\u00e3o ind\u00edgena de perto. Ele critica as pol\u00edticas sociais e ambientais da Am\u00e9rica Latina como um todo. &#8220;Quando o neg\u00f3cio \u00e9 gerar lucro infinito com recursos finitos, o problema nunca acaba. Em algum momento isso colapsa, e os que est\u00e3o pagando o pre\u00e7o s\u00e3o as popula\u00e7\u00f5es mais vulner\u00e1veis. No caso dos ind\u00edgenas, as pol\u00edticas governamentais t\u00eam que ver com a explora\u00e7\u00e3o dos recursos naturais da terra. Essa vis\u00e3o n\u00e3o aceita os ind\u00edgenas com a sua cosmovis\u00e3o, sua forma de ser e viver.&#8221;<\/p>\n\n\n\n<figure class=\"wp-block-image\"><img decoding=\"async\" data-src=\"http:\/\/imagens.ebc.com.br\/apSgQbXa8MKG56TcDQ1PRWUNSy0=\/754x0\/smart\/http:\/\/agenciabrasil.ebc.com.br\/sites\/default\/files\/thumbnails\/image\/pablo_albarenga_2019-04-24-acampamento_terra_livre-1975.jpg?itok=onUAmMFh\" alt=\"L\u00edder ind\u00edgena em frente ao Congresso Nacional.\" src=\"data:image\/svg+xml;base64,PHN2ZyB3aWR0aD0iMSIgaGVpZ2h0PSIxIiB4bWxucz0iaHR0cDovL3d3dy53My5vcmcvMjAwMC9zdmciPjwvc3ZnPg==\" class=\"lazyload\" \/><\/figure>\n\n\n\n<h6 class=\"wp-block-heading\">L\u00edder ind\u00edgena em frente ao Congresso Nacional &#8211;&nbsp;<strong>Pablo Albarenga\/Direitos reserva<\/strong><br><\/h6>\n\n\n\n<p>Albarenga acredita que, embora os livros de escola tratem a coloniza\u00e7\u00e3o como um evento encerrado, o processo ainda ocorre nos dias de hoje. &#8220;O Uruguai tem uma cultura de nega\u00e7\u00e3o, de invisibiliza\u00e7\u00e3o dos povos ind\u00edgenas. A partir da minha primeira viagem [a&nbsp;Mato Grosso do Sul, em 2016], o que ficou claro foi que a coloniza\u00e7\u00e3o n\u00e3o foi um processo que acabou h\u00e1 v\u00e1rios anos, ela segue totalmente vigente. A viol\u00eancia t\u00edpica e caracter\u00edstica de um processo de coloniza\u00e7\u00e3o, que n\u00f3s estudamos como terminado, como algo do passado, na verdade, segue vigente.&#8221;<\/p>\n\n\n\n<h2 class=\"wp-block-heading\">Novo projeto<\/h2>\n\n\n\n<p>Para o fot\u00f3grafo, ainda h\u00e1 muitas hist\u00f3rias para contar por meio&nbsp;da sua fotografia e ele j\u00e1 tem um novo projeto, que se chama Rainforest Defenders (Defensores da Floresta Amaz\u00f4nica, em portugu\u00eas). &#8220;Retratamos a hist\u00f3ria de cinco&nbsp;jovens que v\u00eam defendendo seu territ\u00f3rio, a Amaz\u00f4nia brasileira, mais especificamente o territ\u00f3rio do Baixo Tapaj\u00f3s. Essa experi\u00eancia foi muito interessante, contar as hist\u00f3rias desses defensores de suas terras, que est\u00e3o ainda de p\u00e9, lutando e sobrevivendo contra um sistema e um modelo econ\u00f4mico.&#8221;<\/p>\n\n\n\n<p>Albarenga acredita que o direito dos ind\u00edgenas de permanecer em seus territ\u00f3rios ancestrais est\u00e1 sendo suprimido. &#8220;Estamos diante de uma perda de diversidade cultural muito grande que n\u00e3o vai ter volta. Temos uma popula\u00e7\u00e3o fragmentada e polarizada, onde as opini\u00f5es v\u00e3o em dire\u00e7\u00f5es aos extremos, perdemos a maravilhosa oportunidade de nos encontrarmos com o outro na discuss\u00e3o e na diferen\u00e7a. A diferen\u00e7a que em algum momento enriqueceu&nbsp;hoje \u00e9 a diferen\u00e7a que separa e que marca dois lados inimigos. Tanto no Brasil quanto no Uruguai n\u00e3o estamos juntos lutando pelos nossos direitos. Estamos vendo a politica como se fossem jogos de futebol. Temos os nossos favoritos, temos torcida, e s\u00e3o eles os que v\u00e3o, em teoria, velar pelo nosso bem-estar. Mas j\u00e1 temos mostras de que isso n\u00e3o acontece.&#8221;<\/p>\n","protected":false},"excerpt":{"rendered":"<p>Pablo Albarenga \u00e9 um fot\u00f3grafo uruguaio, de 29 anos, que se apaixonou pela causa ind\u00edgena brasileira e, desde outubro de 2016, dedica-se a registrar o&hellip; <\/p>\n","protected":false},"author":1,"featured_media":103018,"comment_status":"closed","ping_status":"closed","sticky":false,"template":"","format":"standard","meta":{"sfsi_plus_gutenberg_text_before_share":"","sfsi_plus_gutenberg_show_text_before_share":"","sfsi_plus_gutenberg_icon_type":"","sfsi_plus_gutenberg_icon_alignemt":"","sfsi_plus_gutenburg_max_per_row":"","footnotes":""},"categories":[2],"tags":[],"class_list":["post-103017","post","type-post","status-publish","format-standard","has-post-thumbnail","hentry","category-geral"],"_links":{"self":[{"href":"https:\/\/www.caririemacao.com\/1\/wp-json\/wp\/v2\/posts\/103017","targetHints":{"allow":["GET"]}}],"collection":[{"href":"https:\/\/www.caririemacao.com\/1\/wp-json\/wp\/v2\/posts"}],"about":[{"href":"https:\/\/www.caririemacao.com\/1\/wp-json\/wp\/v2\/types\/post"}],"author":[{"embeddable":true,"href":"https:\/\/www.caririemacao.com\/1\/wp-json\/wp\/v2\/users\/1"}],"replies":[{"embeddable":true,"href":"https:\/\/www.caririemacao.com\/1\/wp-json\/wp\/v2\/comments?post=103017"}],"version-history":[{"count":1,"href":"https:\/\/www.caririemacao.com\/1\/wp-json\/wp\/v2\/posts\/103017\/revisions"}],"predecessor-version":[{"id":103019,"href":"https:\/\/www.caririemacao.com\/1\/wp-json\/wp\/v2\/posts\/103017\/revisions\/103019"}],"wp:featuredmedia":[{"embeddable":true,"href":"https:\/\/www.caririemacao.com\/1\/wp-json\/wp\/v2\/media\/103018"}],"wp:attachment":[{"href":"https:\/\/www.caririemacao.com\/1\/wp-json\/wp\/v2\/media?parent=103017"}],"wp:term":[{"taxonomy":"category","embeddable":true,"href":"https:\/\/www.caririemacao.com\/1\/wp-json\/wp\/v2\/categories?post=103017"},{"taxonomy":"post_tag","embeddable":true,"href":"https:\/\/www.caririemacao.com\/1\/wp-json\/wp\/v2\/tags?post=103017"}],"curies":[{"name":"wp","href":"https:\/\/api.w.org\/{rel}","templated":true}]}}