{"id":103030,"date":"2019-07-02T07:30:03","date_gmt":"2019-07-02T10:30:03","guid":{"rendered":"http:\/\/www.caririemacao.com\/1\/?p=103030"},"modified":"2019-07-02T07:30:03","modified_gmt":"2019-07-02T10:30:03","slug":"ibge-divulga-questionarios-a-serem-aplicados-no-censo-2020","status":"publish","type":"post","link":"https:\/\/www.caririemacao.com\/1\/2019\/07\/02\/ibge-divulga-questionarios-a-serem-aplicados-no-censo-2020\/","title":{"rendered":"IBGE divulga question\u00e1rios a serem aplicados no Censo 2020"},"content":{"rendered":"\n<p>O Instituto Brasileiro de Geografia e Estat\u00edstica&nbsp;(IBGE) divulgou&nbsp;hoje&nbsp;(1\u00ba) detalhes sobre o Censo Demogr\u00e1fico 2020. O question\u00e1rio b\u00e1sico, a ser aplicado em cerca de 71 milh\u00f5es de domic\u00edlios, conta com nove blocos, subdivididos em 26 quest\u00f5es.&nbsp;J\u00e1 o question\u00e1rio da amostra, mais detalhado, tem 17 blocos, subdivididos em 76 quest\u00f5es. Por ser mais extenso, ele ser\u00e1 aplicado em cerca de 7,1 milh\u00f5es domic\u00edlios particulares permanentes do pa\u00eds.<\/p>\n\n\n\n<p>Para o diretor de pesquisas do IBGE, Eduardo Rios Neto, o question\u00e1rio b\u00e1sico contempla aspectos centrais, como a contagem de domic\u00edlios e da popula\u00e7\u00e3o, incluindo an\u00e1lises por idade e sexo. \u201cAl\u00e9m disso, a gente manteve a pergunta sobre mortalidade, uma pergunta que havia d\u00favidas no debate [durante a prepara\u00e7\u00e3o dos question\u00e1rios] e, por causa da centralidade do envelhecimento populacional, preservou-se\u201d, disse, em entrevista \u00e0 Ag\u00eancia Brasil.<\/p>\n\n\n\n<p>Rios Neto comentou que ficou fora do question\u00e1rio a pergunta sobre emigra\u00e7\u00e3o. Houve mudan\u00e7as tamb\u00e9m no que se refere \u00e0 renda.&nbsp;\u201cEm 2010, ela foi colocada para todos os indiv\u00edduos da popula\u00e7\u00e3o e, em 2000, era s\u00f3 para a pessoa respons\u00e1vel pelo domic\u00edlio. Ent\u00e3o, isso faz uma diferen\u00e7a \u2013 coletar de tr\u00eas a quatro pessoas para uma pessoa. Agora, em 2020, optou-se por coletar pela pessoa respons\u00e1vel\u201d, observou.<\/p>\n\n\n\n<p>O diretor negou que a redu\u00e7\u00e3o tenha sido por quest\u00e3o econ\u00f4mica. \u201cA raz\u00e3o disso foi para encurtar o tempo de entrevista do question\u00e1rio b\u00e1sico. Se comentou que a raz\u00e3o seria econ\u00f4mica, mas a raz\u00e3o principal \u00e9 para facilitar coletas alternativas, principalmente em domic\u00edlios de dif\u00edcil contato\u201d, pontuou.<\/p>\n\n\n\n<p>De acordo com Rios Neto, houve cortes tamb\u00e9m no question\u00e1rio da amostra. \u201cEm 2010, ele sofreu algumas altera\u00e7\u00f5es que prejudicaram. Por exemplo: o c\u00e1lculo dos anos de estudo. N\u00e3o era poss\u00edvel calcular os anos de estudo das pessoas. Em 2010, se calculava as faixas, mas n\u00e3o se conseguia saber, por pessoa, os anos conclu\u00eddos. Parece uma bobagem, mas acabou prejudicando um n\u00famero grande de an\u00e1lises que deveriam&nbsp;ter&nbsp;sido feitas. Ent\u00e3o, em 2020 a educa\u00e7\u00e3o permite fazer o c\u00e1lculo de anos de estudos\u201d, comparou.<\/p>\n\n\n\n<p>Com rela\u00e7\u00e3o a retirada de quesitos relacionados a bens dur\u00e1veis, como televis\u00e3o, geladeira e autom\u00f3veis, o argumento, de acordo com o diretor, \u00e9 que&nbsp;outras pesquisas do IBGE j\u00e1 fornecem esse tipo de informa\u00e7\u00e3o. \u201cElas [as informa\u00e7\u00f5es] s\u00e3o obtidas trimestralmente nas PNAD [Pesquisa Nacional por Amostra de Domic\u00edlios]. Toda a bateria de bens de consumo \u00e9 pesquisada pelo IBGE\u201d.<\/p>\n\n\n\n<p>O diretor admitiu que houve uma grande controv\u00e9rsia sobre a retirada do item valor de aluguel do censo. \u201cEsse item n\u00e3o foi coletado tamb\u00e9m sob o mesmo argumento \u2013 de que \u00e9 coletado trimestralmente na PNAD cont\u00ednua. Nada que uma boa an\u00e1lise t\u00e9cnica n\u00e3o possa resolver\u201d, concluiu.<\/p>\n\n\n\n<h2 class=\"wp-block-heading\">Temas<\/h2>\n\n\n\n<p>O Censo 2020 vai pesquisar, entre outros, temas como caracter\u00edsticas dos domic\u00edlios, identifica\u00e7\u00e3o \u00e9tnico-racial, n\u00facleo familiar, fecundidade, religi\u00e3o ou culto, defici\u00eancia, deslocamento para estudo, trabalho e rendimento.<\/p>\n\n\n\n<p>O diretor elogiou a vers\u00e3o final dos question\u00e1rios no que se refere \u00e0 renda dos brasileiros. \u201cA gente conseguiu manter a renda de trabalho, a de n\u00e3o trabalho e a de todos os trabalhos para quem tem mais de uma renda. A de n\u00e3o trabalho significa Bolsa Fam\u00edlia e qualquer tipo de transfer\u00eancia ou, para uma pessoa rica, a transfer\u00eancia de capital. Nisso, ficou mais simplificado do que em 2010, quando o censo detalhava muito e gastava muito tempo na entrevista\u201d.<\/p>\n\n\n\n<p>Rios Neto acrescentou que, no Censo 2020, foi inclu\u00eddo o item natureza da uni\u00e3o, permitindo preservar parte da quest\u00e3o que tratava de estado civil e que foi retirada. \u201cNa natureza da uni\u00e3o, a gente fica sabendo se a pessoa est\u00e1 unida no civil e no religioso, s\u00f3 no religioso ou em uni\u00e3o consensual. Essa parte tinha sido retirada e conseguimos trazer de volta\u201d.<\/p>\n\n\n\n<p>\u201cNa minha avalia\u00e7\u00e3o, a despeito de muita gente&nbsp;ter&nbsp;enfatizado o contr\u00e1rio, o question\u00e1rio da amostra demonstra muito bem que todas as vari\u00e1veis demogr\u00e1ficas, a mortalidade, a fecundidade e a migra\u00e7\u00e3o est\u00e3o bem contempladas e um grande n\u00famero de vari\u00e1veis socioecon\u00f4micas associadas com a educa\u00e7\u00e3o e a renda tamb\u00e9m est\u00e3o contempladas\u201d, completou.<\/p>\n\n\n\n<h2 class=\"wp-block-heading\">Censo experimental<\/h2>\n\n\n\n<p>Em outubro deste ano, o IBGE vai aplicar os question\u00e1rios b\u00e1sico e da amostra numa esp\u00e9cie de censo experimental a ser&nbsp;realizado no munic\u00edpio de Po\u00e7os de Caldas (MG). \u201cSer\u00e1 um ensaio geral do censo em um munic\u00edpio s\u00f3. Vamos enfatizar na log\u00edstica\u201d.<\/p>\n\n\n\n<p>O Censo 2020 vai coletar informa\u00e7\u00f5es em todos os 5.570 munic\u00edpios brasileiros. Cerca de 180 mil recenseadores ser\u00e3o contratados, em regime tempor\u00e1rio, por meio de processos seletivos, em todos os 27 estados do pa\u00eds. Entre os meses de agosto a outubro de 2020, os recenseadores v\u00e3o visitar&nbsp;os domic\u00edlios de modo a retratar os principais aspectos da popula\u00e7\u00e3o brasileira, estimada em 213 milh\u00f5es de habitantes.<\/p>\n\n\n\n<p>\u201cAceitei o desafio do cargo exatamente porque estava com medo de chegarmos a um impasse e eu achava que era poss\u00edvel&nbsp;ter&nbsp;uma solu\u00e7\u00e3o de compromisso que, se n\u00e3o fosse aquela que contemplasse todas as perguntas que todo mundo queria, pelo menos, garantisse que o censo fosse cumprido no prazo e com qualidade.\u201d<\/p>\n\n\n\n<p>\u201cEstou seguro que essa qualidade est\u00e1 garantida. Quer dizer que 100% das demandas foram atendidas? N\u00e3o. Seria mentira se eu falasse que sim. Mas diria que a gente est\u00e1 com 80% das demandas atendidas \u2013 inclusive levando em conta a tend\u00eancia mundial de cada vez&nbsp;mais ter pesquisas menores. A gente foi at\u00e9 conservador no n\u00famero de cortes\u201d<\/p>\n\n\n\n<p>Assista na&nbsp;<strong>TV Brasil:<\/strong>&nbsp;IBGE divulga como ser\u00e1 o question\u00e1rio do Censo Demogr\u00e1fico 2020<\/p>\n\n\n\n<figure><iframe data-src=\"https:\/\/www.youtube.com\/embed\/XhME9iDa9rQ\" allowfullscreen=\"\" src=\"data:image\/svg+xml;base64,PHN2ZyB3aWR0aD0iMSIgaGVpZ2h0PSIxIiB4bWxucz0iaHR0cDovL3d3dy53My5vcmcvMjAwMC9zdmciPjwvc3ZnPg==\" class=\"lazyload\" data-load-mode=\"1\"><\/iframe><\/figure>\n","protected":false},"excerpt":{"rendered":"<p>O Instituto Brasileiro de Geografia e Estat\u00edstica&nbsp;(IBGE) divulgou&nbsp;hoje&nbsp;(1\u00ba) detalhes sobre o Censo Demogr\u00e1fico 2020. O question\u00e1rio b\u00e1sico, a ser aplicado em cerca de 71 milh\u00f5es&hellip; <\/p>\n","protected":false},"author":1,"featured_media":103031,"comment_status":"closed","ping_status":"closed","sticky":false,"template":"","format":"standard","meta":{"sfsi_plus_gutenberg_text_before_share":"","sfsi_plus_gutenberg_show_text_before_share":"","sfsi_plus_gutenberg_icon_type":"","sfsi_plus_gutenberg_icon_alignemt":"","sfsi_plus_gutenburg_max_per_row":"","footnotes":""},"categories":[2],"tags":[],"class_list":["post-103030","post","type-post","status-publish","format-standard","has-post-thumbnail","hentry","category-geral"],"_links":{"self":[{"href":"https:\/\/www.caririemacao.com\/1\/wp-json\/wp\/v2\/posts\/103030","targetHints":{"allow":["GET"]}}],"collection":[{"href":"https:\/\/www.caririemacao.com\/1\/wp-json\/wp\/v2\/posts"}],"about":[{"href":"https:\/\/www.caririemacao.com\/1\/wp-json\/wp\/v2\/types\/post"}],"author":[{"embeddable":true,"href":"https:\/\/www.caririemacao.com\/1\/wp-json\/wp\/v2\/users\/1"}],"replies":[{"embeddable":true,"href":"https:\/\/www.caririemacao.com\/1\/wp-json\/wp\/v2\/comments?post=103030"}],"version-history":[{"count":1,"href":"https:\/\/www.caririemacao.com\/1\/wp-json\/wp\/v2\/posts\/103030\/revisions"}],"predecessor-version":[{"id":103032,"href":"https:\/\/www.caririemacao.com\/1\/wp-json\/wp\/v2\/posts\/103030\/revisions\/103032"}],"wp:featuredmedia":[{"embeddable":true,"href":"https:\/\/www.caririemacao.com\/1\/wp-json\/wp\/v2\/media\/103031"}],"wp:attachment":[{"href":"https:\/\/www.caririemacao.com\/1\/wp-json\/wp\/v2\/media?parent=103030"}],"wp:term":[{"taxonomy":"category","embeddable":true,"href":"https:\/\/www.caririemacao.com\/1\/wp-json\/wp\/v2\/categories?post=103030"},{"taxonomy":"post_tag","embeddable":true,"href":"https:\/\/www.caririemacao.com\/1\/wp-json\/wp\/v2\/tags?post=103030"}],"curies":[{"name":"wp","href":"https:\/\/api.w.org\/{rel}","templated":true}]}}