{"id":103036,"date":"2019-07-02T08:10:31","date_gmt":"2019-07-02T11:10:31","guid":{"rendered":"http:\/\/www.caririemacao.com\/1\/?p=103036"},"modified":"2019-07-02T08:10:31","modified_gmt":"2019-07-02T11:10:31","slug":"joao-azevedo-e-governadores-do-nordeste-discutem-reforma-da-previdencia-com-o-presidente-do-senado","status":"publish","type":"post","link":"https:\/\/www.caririemacao.com\/1\/2019\/07\/02\/joao-azevedo-e-governadores-do-nordeste-discutem-reforma-da-previdencia-com-o-presidente-do-senado\/","title":{"rendered":"Jo\u00e3o Azev\u00eado e governadores do Nordeste discutem reforma da Previd\u00eancia com o presidente do Senado"},"content":{"rendered":"\n<p>Jo\u00e3o Azev\u00eado e os demais governadores do Nordeste se reuniram, na noite desta segunda-feira (1\u00b0), com o presidente do Senado,&nbsp;Davi Alcolumbre, em Bras\u00edlia. De acordo com informa\u00e7\u00f5es,&nbsp; a reuni\u00e3o discutiu a reinser\u00e7\u00e3o dos estados e munic\u00edpios na PEC da reforma da Previd\u00eancia.&nbsp;<\/p>\n\n\n\n<p>Por\u00e9m, o acordo, depende de um compromisso dos&nbsp;parlamentares para a vota\u00e7\u00e3o de projetos no Congresso que resultem em mais recursos para os estados.<\/p>\n\n\n\n<p>No encontro estavam presentes, o&nbsp;presidente da C\u00e2mara, Rodrigo Maia, e os governadores do Cear\u00e1, Camilo Santana, do Par\u00e1, Helder Barbalho,&nbsp;do Piau\u00ed, Wellington Dias, e de Alagoas, Renan Filho.&nbsp;<\/p>\n","protected":false},"excerpt":{"rendered":"<p>Jo\u00e3o Azev\u00eado e os demais governadores do Nordeste se reuniram, na noite desta segunda-feira (1\u00b0), com o presidente do Senado,&nbsp;Davi Alcolumbre, em Bras\u00edlia. De acordo&hellip; <\/p>\n","protected":false},"author":1,"featured_media":103037,"comment_status":"closed","ping_status":"closed","sticky":false,"template":"","format":"standard","meta":{"sfsi_plus_gutenberg_text_before_share":"","sfsi_plus_gutenberg_show_text_before_share":"","sfsi_plus_gutenberg_icon_type":"","sfsi_plus_gutenberg_icon_alignemt":"","sfsi_plus_gutenburg_max_per_row":"","footnotes":""},"categories":[11],"tags":[],"class_list":["post-103036","post","type-post","status-publish","format-standard","has-post-thumbnail","hentry","category-politica"],"_links":{"self":[{"href":"https:\/\/www.caririemacao.com\/1\/wp-json\/wp\/v2\/posts\/103036","targetHints":{"allow":["GET"]}}],"collection":[{"href":"https:\/\/www.caririemacao.com\/1\/wp-json\/wp\/v2\/posts"}],"about":[{"href":"https:\/\/www.caririemacao.com\/1\/wp-json\/wp\/v2\/types\/post"}],"author":[{"embeddable":true,"href":"https:\/\/www.caririemacao.com\/1\/wp-json\/wp\/v2\/users\/1"}],"replies":[{"embeddable":true,"href":"https:\/\/www.caririemacao.com\/1\/wp-json\/wp\/v2\/comments?post=103036"}],"version-history":[{"count":1,"href":"https:\/\/www.caririemacao.com\/1\/wp-json\/wp\/v2\/posts\/103036\/revisions"}],"predecessor-version":[{"id":103038,"href":"https:\/\/www.caririemacao.com\/1\/wp-json\/wp\/v2\/posts\/103036\/revisions\/103038"}],"wp:featuredmedia":[{"embeddable":true,"href":"https:\/\/www.caririemacao.com\/1\/wp-json\/wp\/v2\/media\/103037"}],"wp:attachment":[{"href":"https:\/\/www.caririemacao.com\/1\/wp-json\/wp\/v2\/media?parent=103036"}],"wp:term":[{"taxonomy":"category","embeddable":true,"href":"https:\/\/www.caririemacao.com\/1\/wp-json\/wp\/v2\/categories?post=103036"},{"taxonomy":"post_tag","embeddable":true,"href":"https:\/\/www.caririemacao.com\/1\/wp-json\/wp\/v2\/tags?post=103036"}],"curies":[{"name":"wp","href":"https:\/\/api.w.org\/{rel}","templated":true}]}}