{"id":103041,"date":"2019-07-02T08:43:00","date_gmt":"2019-07-02T11:43:00","guid":{"rendered":"http:\/\/www.caririemacao.com\/1\/?p=103041"},"modified":"2019-07-02T08:43:00","modified_gmt":"2019-07-02T11:43:00","slug":"policia-obriga-manifestantes-a-desocupar-predio-de-hong-kong","status":"publish","type":"post","link":"https:\/\/www.caririemacao.com\/1\/2019\/07\/02\/policia-obriga-manifestantes-a-desocupar-predio-de-hong-kong\/","title":{"rendered":"Pol\u00edcia obriga manifestantes a desocupar pr\u00e9dio de Hong Kong"},"content":{"rendered":"\n<p>Depois de 24 horas de ocupa\u00e7\u00e3o do edif\u00edcio do Conselho Legislativo, a pol\u00edcia de Hong Kong interveio, obrigando os manifestantes a sair do pr\u00e9dio. Para entrar no edif\u00edcio, os manifestantes quebraram vidros. Em seguida, destru\u00edram c\u00e2meras de seguran\u00e7a na galeria do plen\u00e1rio e escreveram mensagem pol\u00edticas nas paredes.<\/p>\n\n\n\n<p>A chefe do poder executivo de Hong Kong, Carrie Lam, convocou a imprensa no in\u00edcio de hoje (2), para criticar a viol\u00eancia e o vandalismo das pessoas que invadiram o pr\u00e9dio do Conselho Legislativo do territ\u00f3rio. Segundo Lam, a a\u00e7\u00e3o dos manifestantes &#8220;deve ser seriamente condenada&#8221;.<\/p>\n\n\n\n<p>Para expulsar os manifestantes do local, a pol\u00edcia teve que uktilizar g\u00e1s lacrimog\u00eanio. Autoridades do governo disseram, durante a a\u00e7\u00e3o, 59 pessoas ficaram feridas, incluindo policiais.<\/p>\n\n\n\n<p>Os protestos ocorrem justamente durante a celebra\u00e7\u00e3o dos 22 anos em que o territ\u00f3rio foi devolvido pelo Reino Unido \u00e0 China.<\/p>\n\n\n\n<p>Os manifestantes se op\u00f5em a um projeto de lei que permitiria que suspeitos em Hong Kong sejam extraditados para a China continental. O descontentamento tem levado milh\u00f5es de pessoas \u00e0s ruas nas \u00faltimas semanas.<\/p>\n","protected":false},"excerpt":{"rendered":"<p>Depois de 24 horas de ocupa\u00e7\u00e3o do edif\u00edcio do Conselho Legislativo, a pol\u00edcia de Hong Kong interveio, obrigando os manifestantes a sair do pr\u00e9dio. Para&hellip; <\/p>\n","protected":false},"author":1,"featured_media":99960,"comment_status":"closed","ping_status":"closed","sticky":false,"template":"","format":"standard","meta":{"sfsi_plus_gutenberg_text_before_share":"","sfsi_plus_gutenberg_show_text_before_share":"","sfsi_plus_gutenberg_icon_type":"","sfsi_plus_gutenberg_icon_alignemt":"","sfsi_plus_gutenburg_max_per_row":"","footnotes":""},"categories":[12],"tags":[],"class_list":["post-103041","post","type-post","status-publish","format-standard","has-post-thumbnail","hentry","category-policia"],"_links":{"self":[{"href":"https:\/\/www.caririemacao.com\/1\/wp-json\/wp\/v2\/posts\/103041","targetHints":{"allow":["GET"]}}],"collection":[{"href":"https:\/\/www.caririemacao.com\/1\/wp-json\/wp\/v2\/posts"}],"about":[{"href":"https:\/\/www.caririemacao.com\/1\/wp-json\/wp\/v2\/types\/post"}],"author":[{"embeddable":true,"href":"https:\/\/www.caririemacao.com\/1\/wp-json\/wp\/v2\/users\/1"}],"replies":[{"embeddable":true,"href":"https:\/\/www.caririemacao.com\/1\/wp-json\/wp\/v2\/comments?post=103041"}],"version-history":[{"count":1,"href":"https:\/\/www.caririemacao.com\/1\/wp-json\/wp\/v2\/posts\/103041\/revisions"}],"predecessor-version":[{"id":103042,"href":"https:\/\/www.caririemacao.com\/1\/wp-json\/wp\/v2\/posts\/103041\/revisions\/103042"}],"wp:featuredmedia":[{"embeddable":true,"href":"https:\/\/www.caririemacao.com\/1\/wp-json\/wp\/v2\/media\/99960"}],"wp:attachment":[{"href":"https:\/\/www.caririemacao.com\/1\/wp-json\/wp\/v2\/media?parent=103041"}],"wp:term":[{"taxonomy":"category","embeddable":true,"href":"https:\/\/www.caririemacao.com\/1\/wp-json\/wp\/v2\/categories?post=103041"},{"taxonomy":"post_tag","embeddable":true,"href":"https:\/\/www.caririemacao.com\/1\/wp-json\/wp\/v2\/tags?post=103041"}],"curies":[{"name":"wp","href":"https:\/\/api.w.org\/{rel}","templated":true}]}}