{"id":103046,"date":"2019-07-02T08:48:26","date_gmt":"2019-07-02T11:48:26","guid":{"rendered":"http:\/\/www.caririemacao.com\/1\/?p=103046"},"modified":"2019-07-02T08:48:26","modified_gmt":"2019-07-02T11:48:26","slug":"chanceler-diz-que-ira-ultrapassou-limite-de-armazenamento-de-uranio","status":"publish","type":"post","link":"https:\/\/www.caririemacao.com\/1\/2019\/07\/02\/chanceler-diz-que-ira-ultrapassou-limite-de-armazenamento-de-uranio\/","title":{"rendered":"Chanceler diz que Ir\u00e3 ultrapassou limite de armazenamento de ur\u00e2nio"},"content":{"rendered":"\n<p>O ministro das Rela\u00e7\u00f5es Exteriores do Ir\u00e3, Mohammad Javad Zarif, disse que a quantidade de ur\u00e2nio enriquecido armazenada no pa\u00eds ultrapassou o limite imposto pelo acordo nuclear assinado em 2015 com pot\u00eancias mundiais.<\/p>\n\n\n\n<p>Nessa segunda-feira (1\u00ba), Zarif disse a uma ag\u00eancia de not\u00edcias do pa\u00eds que o estoque \u00e9 de mais de 300 quilos.<\/p>\n\n\n\n<p>Em maio, Teer\u00e3 havia declarado que deixaria de honrar alguns dos compromissos prescritos pelo acordo, em resposta \u00e0 sa\u00edda unilateral dos Estados Unidos no ano passado.<\/p>\n\n\n\n<p>Se o relat\u00f3rio for confirmado, a Fran\u00e7a e outros pa\u00edses europeus que assinaram o acordo poder\u00e3o declarar que o Ir\u00e3 teria violado o pacto.<\/p>\n\n\n\n<p>Teer\u00e3 disse tamb\u00e9m que vai come\u00e7ar a produzir ur\u00e2nio mais altamente enriquecido, o que poderia levar \u00e0 fabrica\u00e7\u00e3o de armas nucleares.<\/p>\n\n\n\n<p>O acordo nuclear exige que o Ir\u00e3 limite seu programa nuclear em troca da retirada de san\u00e7\u00f5es. Agora o mecanismo do acordo corre o risco de ser desfeito.<\/p>\n\n\n\n<p>A Ag\u00eancia Internacional de Energia At\u00f4mica informou que seus inspetores no pa\u00eds est\u00e3o tentando verificar se o Ir\u00e3 acumulou mais ur\u00e2nio enriquecido do que \u00e9 permitido pelo acordo.<\/p>\n\n\n\n<h2 class=\"wp-block-heading\">Ar\u00e1bia Saudita<\/h2>\n\n\n\n<p>O ministro das Rela\u00e7\u00f5es exteriores da Ar\u00e1bia Saudita pediu que os pa\u00edses pressionem Teer\u00e3 para que cumpra o acordo nuclear de 2015, assinado com diversas pot\u00eancias mundiais.<\/p>\n\n\n\n<p>Adel Al-Jubeir fez o pedido em uma entrevista \u00e0 NHK nessa segunda-feira. Ele participou da reuni\u00e3o do G20, em Osaka, na semana passada.<\/p>\n\n\n\n<p>Sobre a decis\u00e3o do Ir\u00e3 de deixar de honrar alguns compromissos assumidos no acordo nuclear, Jubeir disse que a comunidade internacional deveria aplicar o m\u00e1ximo de press\u00e3o sobre o Ir\u00e3 para fazer com que o pa\u00eds cumpra o pacto. Ele tamb\u00e9m pediu inspe\u00e7\u00f5es mais rigorosas.<\/p>\n\n\n\n<p>O ministro afirmou que seu pa\u00eds vai trabalhar com o Jap\u00e3o e outras na\u00e7\u00f5es para elaborar um plano que garanta que embarca\u00e7\u00f5es possam navegar com seguran\u00e7a na regi\u00e3o do Golfo.<\/p>\n\n\n\n<figure><iframe allowfullscreen=\"\" data-src=\"https:\/\/www.youtube.com\/embed\/mzbV0CDdNw4\" src=\"data:image\/svg+xml;base64,PHN2ZyB3aWR0aD0iMSIgaGVpZ2h0PSIxIiB4bWxucz0iaHR0cDovL3d3dy53My5vcmcvMjAwMC9zdmciPjwvc3ZnPg==\" class=\"lazyload\" data-load-mode=\"1\"><\/iframe><\/figure>\n","protected":false},"excerpt":{"rendered":"<p>O ministro das Rela\u00e7\u00f5es Exteriores do Ir\u00e3, Mohammad Javad Zarif, disse que a quantidade de ur\u00e2nio enriquecido armazenada no pa\u00eds ultrapassou o limite imposto pelo&hellip; <\/p>\n","protected":false},"author":1,"featured_media":103047,"comment_status":"closed","ping_status":"closed","sticky":false,"template":"","format":"standard","meta":{"sfsi_plus_gutenberg_text_before_share":"","sfsi_plus_gutenberg_show_text_before_share":"","sfsi_plus_gutenberg_icon_type":"","sfsi_plus_gutenberg_icon_alignemt":"","sfsi_plus_gutenburg_max_per_row":"","footnotes":""},"categories":[2],"tags":[],"class_list":["post-103046","post","type-post","status-publish","format-standard","has-post-thumbnail","hentry","category-geral"],"_links":{"self":[{"href":"https:\/\/www.caririemacao.com\/1\/wp-json\/wp\/v2\/posts\/103046","targetHints":{"allow":["GET"]}}],"collection":[{"href":"https:\/\/www.caririemacao.com\/1\/wp-json\/wp\/v2\/posts"}],"about":[{"href":"https:\/\/www.caririemacao.com\/1\/wp-json\/wp\/v2\/types\/post"}],"author":[{"embeddable":true,"href":"https:\/\/www.caririemacao.com\/1\/wp-json\/wp\/v2\/users\/1"}],"replies":[{"embeddable":true,"href":"https:\/\/www.caririemacao.com\/1\/wp-json\/wp\/v2\/comments?post=103046"}],"version-history":[{"count":1,"href":"https:\/\/www.caririemacao.com\/1\/wp-json\/wp\/v2\/posts\/103046\/revisions"}],"predecessor-version":[{"id":103048,"href":"https:\/\/www.caririemacao.com\/1\/wp-json\/wp\/v2\/posts\/103046\/revisions\/103048"}],"wp:featuredmedia":[{"embeddable":true,"href":"https:\/\/www.caririemacao.com\/1\/wp-json\/wp\/v2\/media\/103047"}],"wp:attachment":[{"href":"https:\/\/www.caririemacao.com\/1\/wp-json\/wp\/v2\/media?parent=103046"}],"wp:term":[{"taxonomy":"category","embeddable":true,"href":"https:\/\/www.caririemacao.com\/1\/wp-json\/wp\/v2\/categories?post=103046"},{"taxonomy":"post_tag","embeddable":true,"href":"https:\/\/www.caririemacao.com\/1\/wp-json\/wp\/v2\/tags?post=103046"}],"curies":[{"name":"wp","href":"https:\/\/api.w.org\/{rel}","templated":true}]}}