{"id":103056,"date":"2019-07-02T09:16:12","date_gmt":"2019-07-02T12:16:12","guid":{"rendered":"http:\/\/www.caririemacao.com\/1\/?p=103056"},"modified":"2019-07-02T09:16:12","modified_gmt":"2019-07-02T12:16:12","slug":"japao-proibe-fumo-em-ambientes-fechados-e-em-locais-publicos","status":"publish","type":"post","link":"https:\/\/www.caririemacao.com\/1\/2019\/07\/02\/japao-proibe-fumo-em-ambientes-fechados-e-em-locais-publicos\/","title":{"rendered":"Jap\u00e3o pro\u00edbe fumo em ambientes fechados e em locais p\u00fablicos"},"content":{"rendered":"\n<p>Uma nova lei entrou em vigor no Jap\u00e3o para prevenir a dissemina\u00e7\u00e3o dos efeitos do fumo passivo e proibir o fumo em ambientes fechados e em locais p\u00fablicos.<\/p>\n\n\n\n<p>A lei revisada de promo\u00e7\u00e3o da sa\u00fade tem o objetivo de reduzir os riscos \u00e0 sa\u00fade da inala\u00e7\u00e3o de fuma\u00e7a do fumo passivo.<\/p>\n\n\n\n<p>Os lugares onde ser\u00e1 proibido fumar incluem escolas, hospitais e escrit\u00f3rios dos governos locais e nacional.<\/p>\n\n\n\n<p>A lei permite que esses estabelecimentos designem \u00e1reas a c\u00e9u aberto para fumantes em seus arredores.<\/p>\n\n\n\n<p>A partir de abril do ano que vem tamb\u00e9m ser\u00e1 proibido fumar em restaurantes e em empresas.<\/p>\n","protected":false},"excerpt":{"rendered":"<p>Uma nova lei entrou em vigor no Jap\u00e3o para prevenir a dissemina\u00e7\u00e3o dos efeitos do fumo passivo e proibir o fumo em ambientes fechados e&hellip; <\/p>\n","protected":false},"author":1,"featured_media":103057,"comment_status":"closed","ping_status":"closed","sticky":false,"template":"","format":"standard","meta":{"sfsi_plus_gutenberg_text_before_share":"","sfsi_plus_gutenberg_show_text_before_share":"","sfsi_plus_gutenberg_icon_type":"","sfsi_plus_gutenberg_icon_alignemt":"","sfsi_plus_gutenburg_max_per_row":"","footnotes":""},"categories":[2],"tags":[],"class_list":["post-103056","post","type-post","status-publish","format-standard","has-post-thumbnail","hentry","category-geral"],"_links":{"self":[{"href":"https:\/\/www.caririemacao.com\/1\/wp-json\/wp\/v2\/posts\/103056","targetHints":{"allow":["GET"]}}],"collection":[{"href":"https:\/\/www.caririemacao.com\/1\/wp-json\/wp\/v2\/posts"}],"about":[{"href":"https:\/\/www.caririemacao.com\/1\/wp-json\/wp\/v2\/types\/post"}],"author":[{"embeddable":true,"href":"https:\/\/www.caririemacao.com\/1\/wp-json\/wp\/v2\/users\/1"}],"replies":[{"embeddable":true,"href":"https:\/\/www.caririemacao.com\/1\/wp-json\/wp\/v2\/comments?post=103056"}],"version-history":[{"count":1,"href":"https:\/\/www.caririemacao.com\/1\/wp-json\/wp\/v2\/posts\/103056\/revisions"}],"predecessor-version":[{"id":103058,"href":"https:\/\/www.caririemacao.com\/1\/wp-json\/wp\/v2\/posts\/103056\/revisions\/103058"}],"wp:featuredmedia":[{"embeddable":true,"href":"https:\/\/www.caririemacao.com\/1\/wp-json\/wp\/v2\/media\/103057"}],"wp:attachment":[{"href":"https:\/\/www.caririemacao.com\/1\/wp-json\/wp\/v2\/media?parent=103056"}],"wp:term":[{"taxonomy":"category","embeddable":true,"href":"https:\/\/www.caririemacao.com\/1\/wp-json\/wp\/v2\/categories?post=103056"},{"taxonomy":"post_tag","embeddable":true,"href":"https:\/\/www.caririemacao.com\/1\/wp-json\/wp\/v2\/tags?post=103056"}],"curies":[{"name":"wp","href":"https:\/\/api.w.org\/{rel}","templated":true}]}}